{"id":2525,"date":"2017-11-24T15:37:27","date_gmt":"2017-11-24T14:37:27","guid":{"rendered":"http:\/\/www.fsv-stadeln.de\/?p=2525"},"modified":"2017-11-25T09:33:06","modified_gmt":"2017-11-25T08:33:06","slug":"22-spieltag-fsv-stadeln-asv-fuerth-2","status":"publish","type":"post","link":"https:\/\/www.fsv-stadeln.de\/?p=2525","title":{"rendered":"22. Spieltag: FSV Stadeln &#8211; ASV F\u00fcrth \/\/ ABGESAGT"},"content":{"rendered":"<p><strong>\/\/ Das Spiel muss nach Besichtigung des Platzes leider abgesagt werden! Ein Nachholtermin steht noch nicht, wir informieren Euch, sobald wir mehr wissen. \/\/<\/strong><\/p>\n<p>Liebe FSV`ler, liebe Fu\u00dfballfreunde,<\/p>\n<p>das Fu\u00dfballjahr 2017 neigt sich dem Ende \u2013 das letzte Spiel der 1. Mannschaft findet am kommenden Samstag statt. An der Stadelner Waldsportanlage erwarten wir den ASV F\u00fcrth, der momentan auf Platz 14 und somit zwei Punkte vor dem Relegationsplatz steht. Der FSV steht trotz der Niederlage beim SC Adelsdorf weiterhin auf dem zweiten Tabellenplatz. Selbstverst\u00e4ndlich m\u00f6chten beide Teams mit einem Sieg und einer guten Ausgangsposition in die wohlverdiente Winterpause gehen.<\/p>\n<p>Lasst uns gemeinsam das Spiel angehen und nochmals drei Punkte einfahren! Danach haben sich sowohl die Mannschaft als auch die Fans ein paar Wochen Fu\u00dfballpause redlich verdient. Wehwehchen auskurieren und die Weihnachtszeit genie\u00dfen, um ab Januar wieder mit vollem Elan anzugreifen!<\/p>\n<p>Unsere \u201eZweite\u201c darf die Beine bereits hochlegen. Am vergangenen Wochenende bestritten die Jungs ihr letztes Spiel \u2013 mit einem 4:1-Sieg beim TV Glaishammer verabschieden sie sich in die Winterpause. Nach einem eher verkorksten Saisonbeginn stabilisierte sich die Mannschaft von Stefan M\u00fcller und \u00fcberwintert auf einem respektablen Tabellenplatz 6. Gl\u00fcckwunsch an das gesamte Team!<\/p>\n<p>An dieser Stelle m\u00f6chten wir uns auch nochmals bei unseren Fans bedanken, auf die wir uns im gesamten Fu\u00dfballjahr 2017 verlassen konnten \u2013 danke f\u00fcr Eure Unterst\u00fctzung! Nicht nur f\u00fcr uns, auch f\u00fcr unsere G\u00e4ste ist es immer wieder sch\u00f6n, vor Euch an der Waldsportanlage zu spielen.<\/p>\n<p>In diesem Sinne: Bis Samstag, wir holen nochmal alles raus!<\/p>\n","protected":false},"excerpt":{"rendered":"<p>\/\/ Das Spiel muss nach Besichtigung des Platzes leider abgesagt werden! Ein Nachholtermin steht noch nicht, wir informieren Euch, sobald wir mehr wissen. \/\/ Liebe FSV`ler, liebe Fu\u00dfballfreunde, das Fu\u00dfballjahr 2017 neigt sich dem Ende \u2013 das letzte Spiel der 1. Mannschaft findet am kommenden Samstag statt. An der Stadelner Waldsportanlage erwarten wir den ASV F\u00fcrth, der momentan auf Platz [&hellip;]<\/p>\n","protected":false},"author":10,"featured_media":2526,"comment_status":"closed","ping_status":"open","sticky":false,"template":"","format":"standard","meta":{"_monsterinsights_skip_tracking":false,"_monsterinsights_sitenote_active":false,"_monsterinsights_sitenote_note":"","_monsterinsights_sitenote_category":0,"footnotes":""},"categories":[5],"tags":[],"class_list":["post-2525","post","type-post","status-publish","format-standard","has-post-thumbnail","hentry","category-fussball"],"aioseo_notices":[],"_links":{"self":[{"href":"https:\/\/www.fsv-stadeln.de\/index.php?rest_route=\/wp\/v2\/posts\/2525","targetHints":{"allow":["GET"]}}],"collection":[{"href":"https:\/\/www.fsv-stadeln.de\/index.php?rest_route=\/wp\/v2\/posts"}],"about":[{"href":"https:\/\/www.fsv-stadeln.de\/index.php?rest_route=\/wp\/v2\/types\/post"}],"author":[{"embeddable":true,"href":"https:\/\/www.fsv-stadeln.de\/index.php?rest_route=\/wp\/v2\/users\/10"}],"replies":[{"embeddable":true,"href":"https:\/\/www.fsv-stadeln.de\/index.php?rest_route=%2Fwp%2Fv2%2Fcomments&post=2525"}],"version-history":[{"count":3,"href":"https:\/\/www.fsv-stadeln.de\/index.php?rest_route=\/wp\/v2\/posts\/2525\/revisions"}],"predecessor-version":[{"id":2529,"href":"https:\/\/www.fsv-stadeln.de\/index.php?rest_route=\/wp\/v2\/posts\/2525\/revisions\/2529"}],"wp:featuredmedia":[{"embeddable":true,"href":"https:\/\/www.fsv-stadeln.de\/index.php?rest_route=\/wp\/v2\/media\/2526"}],"wp:attachment":[{"href":"https:\/\/www.fsv-stadeln.de\/index.php?rest_route=%2Fwp%2Fv2%2Fmedia&parent=2525"}],"wp:term":[{"taxonomy":"category","embeddable":true,"href":"https:\/\/www.fsv-stadeln.de\/index.php?rest_route=%2Fwp%2Fv2%2Fcategories&post=2525"},{"taxonomy":"post_tag","embeddable":true,"href":"https:\/\/www.fsv-stadeln.de\/index.php?rest_route=%2Fwp%2Fv2%2Ftags&post=2525"}],"curies":[{"name":"wp","href":"https:\/\/api.w.org\/{rel}","templated":true}]}}