{"id":2330,"date":"2017-10-07T09:32:08","date_gmt":"2017-10-07T07:32:08","guid":{"rendered":"http:\/\/www.fsv-stadeln.de\/?p=2330"},"modified":"2017-10-07T09:32:08","modified_gmt":"2017-10-07T07:32:08","slug":"14-spieltag-spvgg-huettenbach-fsv-stadeln","status":"publish","type":"post","link":"https:\/\/www.fsv-stadeln.de\/?p=2330","title":{"rendered":"14. Spieltag: SpVgg H\u00fcttenbach &#8211; FSV Stadeln"},"content":{"rendered":"<p>Zum ersten Mal in dieser Saison setzte es zwei Niederlagen in Folge \u2013 zwei sehr bittere obendrein, denn beide Male reichte eine F\u00fchrung nicht f\u00fcr etwas Z\u00e4hlbares. Am kommenden<strong> Sonntag, 8. Oktober um 15 Uhr<\/strong>, muss die Mannschaft von Manfred Dedaj zum Tabellenzweiten. Die <strong>SpVgg H\u00fcttenbach-Simmelsdorf<\/strong> h\u00e4lt mit dem Primus aus Herzogenaurach Schritt und bleibt trotz der 0:5-Pleite gegen des ASV F\u00fcrth am vergangenen Spieltag in Lauerstellung.<\/p>\n<p>Anders sieht das nach den j\u00fcngsten Niederlagen beim FSV aus. Vor zwei Wochen noch in Schlagdistanz, verbietet sich derzeit der Blick nach oben \u2013 13 Punkte R\u00fcckstand sprechen B\u00e4nde. Die Mannschaft ist gefordert: Kommt man aus den vergangenen Negativerlebnissen wieder raus und zeigt eine Reaktion? Oder waren die letzten beiden Spiele auch f\u00fcr den Kopf ein R\u00fcckschlag, der Spuren hinterl\u00e4sst?<\/p>\n<p>Eins ist klar: Wir sind dennoch hei\u00df. Wir freuen uns auf Sonntag und unsere gewohnt zahlreich erscheinenden \u201eAusw\u00e4rtsfans\u201c!<\/p>\n<p>Nach einem guten Start (sechs Punkte aus zwei Spielen) musste auch die U23 Federn lassen und steht derzeit auf dem Abstiegsrelegationsplatz \u2013 nach den beiden Siegen konnten keine Punkte mehr geholt werden. Ebenfalls am <strong>Sonntag um 15 Uhr<\/strong> tritt die Zweite bei <strong>Johannis 83<\/strong> an und muss sich Luft nach hinten verschaffen!<\/p>\n<p>Auf ein erfolgreicheres Wochenende als zuletzt! Gemeinsam zum FSV-Sieg!<\/p>\n<p><strong>Spielorte:<\/strong><\/p>\n<p><strong style=\"font-size: 0.95em;\">1. Mannschaft: SpVgg H\u00fcttenbach-Simmelsdorf, Am Pilzanger 1, 91245 Simmelsdorf<\/strong><\/p>\n<p><strong>U23: TSV Johannis 83, Zeisigweg 86, 90425 N\u00fcrnberg<\/strong><\/p>\n","protected":false},"excerpt":{"rendered":"<p>Zum ersten Mal in dieser Saison setzte es zwei Niederlagen in Folge \u2013 zwei sehr bittere obendrein, denn beide Male reichte eine F\u00fchrung nicht f\u00fcr etwas Z\u00e4hlbares. Am kommenden Sonntag, 8. Oktober um 15 Uhr, muss die Mannschaft von Manfred Dedaj zum Tabellenzweiten. Die SpVgg H\u00fcttenbach-Simmelsdorf h\u00e4lt mit dem Primus aus Herzogenaurach Schritt und bleibt trotz der 0:5-Pleite gegen des [&hellip;]<\/p>\n","protected":false},"author":10,"featured_media":2331,"comment_status":"closed","ping_status":"open","sticky":false,"template":"","format":"standard","meta":{"_monsterinsights_skip_tracking":false,"_monsterinsights_sitenote_active":false,"_monsterinsights_sitenote_note":"","_monsterinsights_sitenote_category":0,"footnotes":""},"categories":[5],"tags":[],"class_list":["post-2330","post","type-post","status-publish","format-standard","has-post-thumbnail","hentry","category-fussball"],"aioseo_notices":[],"_links":{"self":[{"href":"https:\/\/www.fsv-stadeln.de\/index.php?rest_route=\/wp\/v2\/posts\/2330","targetHints":{"allow":["GET"]}}],"collection":[{"href":"https:\/\/www.fsv-stadeln.de\/index.php?rest_route=\/wp\/v2\/posts"}],"about":[{"href":"https:\/\/www.fsv-stadeln.de\/index.php?rest_route=\/wp\/v2\/types\/post"}],"author":[{"embeddable":true,"href":"https:\/\/www.fsv-stadeln.de\/index.php?rest_route=\/wp\/v2\/users\/10"}],"replies":[{"embeddable":true,"href":"https:\/\/www.fsv-stadeln.de\/index.php?rest_route=%2Fwp%2Fv2%2Fcomments&post=2330"}],"version-history":[{"count":1,"href":"https:\/\/www.fsv-stadeln.de\/index.php?rest_route=\/wp\/v2\/posts\/2330\/revisions"}],"predecessor-version":[{"id":2332,"href":"https:\/\/www.fsv-stadeln.de\/index.php?rest_route=\/wp\/v2\/posts\/2330\/revisions\/2332"}],"wp:featuredmedia":[{"embeddable":true,"href":"https:\/\/www.fsv-stadeln.de\/index.php?rest_route=\/wp\/v2\/media\/2331"}],"wp:attachment":[{"href":"https:\/\/www.fsv-stadeln.de\/index.php?rest_route=%2Fwp%2Fv2%2Fmedia&parent=2330"}],"wp:term":[{"taxonomy":"category","embeddable":true,"href":"https:\/\/www.fsv-stadeln.de\/index.php?rest_route=%2Fwp%2Fv2%2Fcategories&post=2330"},{"taxonomy":"post_tag","embeddable":true,"href":"https:\/\/www.fsv-stadeln.de\/index.php?rest_route=%2Fwp%2Fv2%2Ftags&post=2330"}],"curies":[{"name":"wp","href":"https:\/\/api.w.org\/{rel}","templated":true}]}}