{"id":2212,"date":"2017-09-22T10:47:57","date_gmt":"2017-09-22T08:47:57","guid":{"rendered":"http:\/\/www.fsv-stadeln.de\/?p=2212"},"modified":"2017-09-23T10:15:44","modified_gmt":"2017-09-23T08:15:44","slug":"11-spieltag-fsv-stadeln-fc-kalchreuth","status":"publish","type":"post","link":"https:\/\/www.fsv-stadeln.de\/?p=2212","title":{"rendered":"11. Spieltag: FSV Stadeln &#8211; FC Kalchreuth"},"content":{"rendered":"<p>Liebe Fans und Freunde des FSV,<\/p>\n<p>seit zwei Spielen konnte unsere &#8222;Erste&#8220; nicht mehr gewinnen. Der Niederlage gegen T\u00fcrkspor N\u00fcrnberg vor zwei Wochen folgte das Unentschieden gegen die SG N\u00fcrnberg F\u00fcrth.<\/p>\n<p>Es wird also Zeit f\u00fcr den n\u00e4chsten Dreier! Am kommenden <strong>Samstag, den 23. September um 16 Uhr<\/strong>, kommt der FC Kalchreuth an den Kronacher Wald. Die G\u00e4ste stehen derzeit auf dem elften Tabellenplatz.<\/p>\n<p>Der FSV rangiert mit 20 Punkten und sieben Punkten R\u00fcckstand auf die Spitze auf dem vierten Tabellenplatz und m\u00f6chte seinen Fans wieder einen Sieg schenken. Ausreden \u00e0 la &#8222;Wir haben so viele Verletzte&#8220; z\u00e4hlen nicht, wir r\u00fccken zusammen und werden dadurch st\u00e4rker!<\/p>\n<p>Wir hoffen, Ihr seid dabei!<\/p>\n<p>\/\/Das f\u00fcr Samstag (13 Uhr) angesetzte Spiel der U23 muss leider abgesagt werden. Die Personallage der Zweiten zwingt uns zu diesem Schritt. Entschuldigung an dieser Stelle!\/\/<\/p>\n<p>Auf ein erfolgreiches FSV-Wochenende! Wir freuen uns!<\/p>\n","protected":false},"excerpt":{"rendered":"<p>Liebe Fans und Freunde des FSV, seit zwei Spielen konnte unsere &#8222;Erste&#8220; nicht mehr gewinnen. Der Niederlage gegen T\u00fcrkspor N\u00fcrnberg vor zwei Wochen folgte das Unentschieden gegen die SG N\u00fcrnberg F\u00fcrth. Es wird also Zeit f\u00fcr den n\u00e4chsten Dreier! Am kommenden Samstag, den 23. September um 16 Uhr, kommt der FC Kalchreuth an den Kronacher Wald. Die G\u00e4ste stehen derzeit [&hellip;]<\/p>\n","protected":false},"author":10,"featured_media":2214,"comment_status":"closed","ping_status":"open","sticky":false,"template":"","format":"standard","meta":{"_monsterinsights_skip_tracking":false,"_monsterinsights_sitenote_active":false,"_monsterinsights_sitenote_note":"","_monsterinsights_sitenote_category":0,"footnotes":""},"categories":[5],"tags":[],"class_list":["post-2212","post","type-post","status-publish","format-standard","has-post-thumbnail","hentry","category-fussball"],"aioseo_notices":[],"_links":{"self":[{"href":"https:\/\/www.fsv-stadeln.de\/index.php?rest_route=\/wp\/v2\/posts\/2212","targetHints":{"allow":["GET"]}}],"collection":[{"href":"https:\/\/www.fsv-stadeln.de\/index.php?rest_route=\/wp\/v2\/posts"}],"about":[{"href":"https:\/\/www.fsv-stadeln.de\/index.php?rest_route=\/wp\/v2\/types\/post"}],"author":[{"embeddable":true,"href":"https:\/\/www.fsv-stadeln.de\/index.php?rest_route=\/wp\/v2\/users\/10"}],"replies":[{"embeddable":true,"href":"https:\/\/www.fsv-stadeln.de\/index.php?rest_route=%2Fwp%2Fv2%2Fcomments&post=2212"}],"version-history":[{"count":3,"href":"https:\/\/www.fsv-stadeln.de\/index.php?rest_route=\/wp\/v2\/posts\/2212\/revisions"}],"predecessor-version":[{"id":2259,"href":"https:\/\/www.fsv-stadeln.de\/index.php?rest_route=\/wp\/v2\/posts\/2212\/revisions\/2259"}],"wp:featuredmedia":[{"embeddable":true,"href":"https:\/\/www.fsv-stadeln.de\/index.php?rest_route=\/wp\/v2\/media\/2214"}],"wp:attachment":[{"href":"https:\/\/www.fsv-stadeln.de\/index.php?rest_route=%2Fwp%2Fv2%2Fmedia&parent=2212"}],"wp:term":[{"taxonomy":"category","embeddable":true,"href":"https:\/\/www.fsv-stadeln.de\/index.php?rest_route=%2Fwp%2Fv2%2Fcategories&post=2212"},{"taxonomy":"post_tag","embeddable":true,"href":"https:\/\/www.fsv-stadeln.de\/index.php?rest_route=%2Fwp%2Fv2%2Ftags&post=2212"}],"curies":[{"name":"wp","href":"https:\/\/api.w.org\/{rel}","templated":true}]}}