{"id":2210,"date":"2017-09-18T22:06:59","date_gmt":"2017-09-18T20:06:59","guid":{"rendered":"http:\/\/www.fsv-stadeln.de\/?p=2210"},"modified":"2017-09-18T22:06:59","modified_gmt":"2017-09-18T20:06:59","slug":"10-spieltag-sg-nuernberg-fuerth-fsv-stadeln-11-10","status":"publish","type":"post","link":"https:\/\/www.fsv-stadeln.de\/?p=2210","title":{"rendered":"10. Spieltag: SG N\u00fcrnberg F\u00fcrth &#8211; FSV Stadeln 1:1 (1:0)"},"content":{"rendered":"<div class=\"page\" title=\"Page 1\">\n<div class=\"section\">\n<div class=\"layoutArea\">\n<div class=\"column\">\n<p><strong>Stadeln verdiente sich den Ausgleich<\/strong><\/p>\n<p>(Bericht: fussballn.de) Die k\u00f6rperlich robust(er)en G\u00e4ste machten von Anfang an und \u00fcber weite Strecken der Partie viel Druck, scheiterten aber an SGN-Keeper Panetta und dessen Vorderleuten oder eigenen Unzul\u00e4nglichkeiten. Nachdem Esparzas Tor (27.) wegen Abseits nicht anerkannt wurde, ging die SG 83 quasi mit dem Pausenpfiff etwas \u00fcberraschend durch Hering in F\u00fchrung. Mangels Ausbau derselben trotz Chancen fiel fast zwangsl\u00e4ufig, wenn auch etwas ungl\u00fccklich der insgesamt jedoch verdiente Ausgleich f\u00fcr den FSV Stadeln durch Perlitz.<\/p>\n<p><strong>SG N\u00fcrnberg F\u00fcrth 1883:<\/strong> Panetta, Lysokon, Hering, Esparza, Schillinger, Schaffner, Bach, Mandl, Coskun, Bieber S. (56. Mohammad), Deniz (56. Meisinger L.) \/ Marxuach, Lenhart, Rubio Suarez<\/p>\n<p><strong>FSV Stadeln:<\/strong> Krieger S., Perlitz, Gra\u00dfler (62. Walthier), Weber, Schnierstein, Forster, Laschet (73. Ascherl), Kreuzer, Reischl T., Mersch (36. Reischl S.), Bauer \/ Marx L., Lennert<\/p>\n<p><strong>Tore:<\/strong> 1:0 Hering (45.), 1:1 Perlitz (78.)<br \/>\n<strong>Gelbe Karten:<\/strong> Esparza (25.), Coskun (34.), Lysokon (62.), Hering (67.), Mohammad (87.) \/ Perlitz (27.),\u00a0Schnierstein (81.)<br \/>\n<strong>Zuschauer:<\/strong> 141 | <strong>Schiedsrichter:<\/strong> Kenny Abieba (Verein nicht bekannt)<\/p>\n<\/div>\n<\/div>\n<\/div>\n<\/div>\n","protected":false},"excerpt":{"rendered":"<p>Stadeln verdiente sich den Ausgleich (Bericht: fussballn.de) Die k\u00f6rperlich robust(er)en G\u00e4ste machten von Anfang an und \u00fcber weite Strecken der Partie viel Druck, scheiterten aber an SGN-Keeper Panetta und dessen Vorderleuten oder eigenen Unzul\u00e4nglichkeiten. Nachdem Esparzas Tor (27.) wegen Abseits nicht anerkannt wurde, ging die SG 83 quasi mit dem Pausenpfiff etwas \u00fcberraschend durch Hering in F\u00fchrung. Mangels Ausbau derselben [&hellip;]<\/p>\n","protected":false},"author":10,"featured_media":1892,"comment_status":"closed","ping_status":"open","sticky":false,"template":"","format":"standard","meta":{"_monsterinsights_skip_tracking":false,"_monsterinsights_sitenote_active":false,"_monsterinsights_sitenote_note":"","_monsterinsights_sitenote_category":0,"footnotes":""},"categories":[5],"tags":[],"class_list":["post-2210","post","type-post","status-publish","format-standard","has-post-thumbnail","hentry","category-fussball"],"aioseo_notices":[],"_links":{"self":[{"href":"https:\/\/www.fsv-stadeln.de\/index.php?rest_route=\/wp\/v2\/posts\/2210","targetHints":{"allow":["GET"]}}],"collection":[{"href":"https:\/\/www.fsv-stadeln.de\/index.php?rest_route=\/wp\/v2\/posts"}],"about":[{"href":"https:\/\/www.fsv-stadeln.de\/index.php?rest_route=\/wp\/v2\/types\/post"}],"author":[{"embeddable":true,"href":"https:\/\/www.fsv-stadeln.de\/index.php?rest_route=\/wp\/v2\/users\/10"}],"replies":[{"embeddable":true,"href":"https:\/\/www.fsv-stadeln.de\/index.php?rest_route=%2Fwp%2Fv2%2Fcomments&post=2210"}],"version-history":[{"count":1,"href":"https:\/\/www.fsv-stadeln.de\/index.php?rest_route=\/wp\/v2\/posts\/2210\/revisions"}],"predecessor-version":[{"id":2211,"href":"https:\/\/www.fsv-stadeln.de\/index.php?rest_route=\/wp\/v2\/posts\/2210\/revisions\/2211"}],"wp:featuredmedia":[{"embeddable":true,"href":"https:\/\/www.fsv-stadeln.de\/index.php?rest_route=\/wp\/v2\/media\/1892"}],"wp:attachment":[{"href":"https:\/\/www.fsv-stadeln.de\/index.php?rest_route=%2Fwp%2Fv2%2Fmedia&parent=2210"}],"wp:term":[{"taxonomy":"category","embeddable":true,"href":"https:\/\/www.fsv-stadeln.de\/index.php?rest_route=%2Fwp%2Fv2%2Fcategories&post=2210"},{"taxonomy":"post_tag","embeddable":true,"href":"https:\/\/www.fsv-stadeln.de\/index.php?rest_route=%2Fwp%2Fv2%2Ftags&post=2210"}],"curies":[{"name":"wp","href":"https:\/\/api.w.org\/{rel}","templated":true}]}}