{"id":22,"date":"2016-02-24T21:52:27","date_gmt":"2016-02-24T20:52:27","guid":{"rendered":"http:\/\/main.fsv-stadeln.de\/?p=22"},"modified":"2024-10-14T21:13:57","modified_gmt":"2024-10-14T19:13:57","slug":"fitness","status":"publish","type":"post","link":"https:\/\/www.fsv-stadeln.de\/?p=22","title":{"rendered":"Fitness"},"content":{"rendered":"<p>Die Abteilung Fitness bietet sowohl Mitgliedern als auch Nichtmitgliedern die M\u00f6glichkeit im aeroben Training als auch im Fitnesstraining geeignete Trainingsger\u00e4te zu benutzen. Ein Probetraining bei unserem Fitness Chef Arno ist ebenfalls m\u00f6glich. Auf der <a href=\"http:\/\/www.fsv-stadeln.de\/?page_id=349\">Info Seite<\/a> findet ihr alle Information zu unserem Fitness Studio.<\/p>\n<hr \/>\n<p><a href=\"http:\/\/www.fsv-stadeln.de\/?page_id=349\">Info Fitness<\/a><\/p>\n<p>&nbsp;<\/p>\n","protected":false},"excerpt":{"rendered":"<p>Die Abteilung Fitness bietet sowohl Mitgliedern als auch Nichtmitgliedern die M\u00f6glichkeit im aeroben Training als auch im Fitnesstraining geeignete Trainingsger\u00e4te zu benutzen. Ein Probetraining bei unserem Fitness Chef Arno ist ebenfalls m\u00f6glich. Auf der Info Seite findet ihr alle Information zu unserem Fitness Studio. Info Fitness &nbsp;<\/p>\n","protected":false},"author":1,"featured_media":8,"comment_status":"closed","ping_status":"open","sticky":false,"template":"","format":"standard","meta":{"_monsterinsights_skip_tracking":false,"_monsterinsights_sitenote_active":false,"_monsterinsights_sitenote_note":"","_monsterinsights_sitenote_category":0,"footnotes":""},"categories":[4],"tags":[],"class_list":["post-22","post","type-post","status-publish","format-standard","has-post-thumbnail","hentry","category-verein"],"aioseo_notices":[],"_links":{"self":[{"href":"https:\/\/www.fsv-stadeln.de\/index.php?rest_route=\/wp\/v2\/posts\/22","targetHints":{"allow":["GET"]}}],"collection":[{"href":"https:\/\/www.fsv-stadeln.de\/index.php?rest_route=\/wp\/v2\/posts"}],"about":[{"href":"https:\/\/www.fsv-stadeln.de\/index.php?rest_route=\/wp\/v2\/types\/post"}],"author":[{"embeddable":true,"href":"https:\/\/www.fsv-stadeln.de\/index.php?rest_route=\/wp\/v2\/users\/1"}],"replies":[{"embeddable":true,"href":"https:\/\/www.fsv-stadeln.de\/index.php?rest_route=%2Fwp%2Fv2%2Fcomments&post=22"}],"version-history":[{"count":6,"href":"https:\/\/www.fsv-stadeln.de\/index.php?rest_route=\/wp\/v2\/posts\/22\/revisions"}],"predecessor-version":[{"id":7339,"href":"https:\/\/www.fsv-stadeln.de\/index.php?rest_route=\/wp\/v2\/posts\/22\/revisions\/7339"}],"wp:featuredmedia":[{"embeddable":true,"href":"https:\/\/www.fsv-stadeln.de\/index.php?rest_route=\/wp\/v2\/media\/8"}],"wp:attachment":[{"href":"https:\/\/www.fsv-stadeln.de\/index.php?rest_route=%2Fwp%2Fv2%2Fmedia&parent=22"}],"wp:term":[{"taxonomy":"category","embeddable":true,"href":"https:\/\/www.fsv-stadeln.de\/index.php?rest_route=%2Fwp%2Fv2%2Fcategories&post=22"},{"taxonomy":"post_tag","embeddable":true,"href":"https:\/\/www.fsv-stadeln.de\/index.php?rest_route=%2Fwp%2Fv2%2Ftags&post=22"}],"curies":[{"name":"wp","href":"https:\/\/api.w.org\/{rel}","templated":true}]}}