{"id":2017,"date":"2017-09-07T16:00:21","date_gmt":"2017-09-07T14:00:21","guid":{"rendered":"http:\/\/www.fsv-stadeln.de\/?p=2017"},"modified":"2017-09-06T12:24:10","modified_gmt":"2017-09-06T10:24:10","slug":"9-spieltag-fsv-stadeln-tuerkspor-nuernberg","status":"publish","type":"post","link":"https:\/\/www.fsv-stadeln.de\/?p=2017","title":{"rendered":"9. Spieltag: FSV Stadeln &#8211; T\u00fcrkspor N\u00fcrnberg"},"content":{"rendered":"<p>Liebe FSV`ler,<\/p>\n<p>es l\u00e4uft rund bei unserer Ersten! Die vergangenen f\u00fcnf Spiele konnten allesamt gewonnen werden. Erst letzte Woche musste der zuvor ungeschlagene Tabellenf\u00fchrer FC Herzogenaurach dran glauben &#8211; 1:0 siegte der FSV.<\/p>\n<p>Am Samstag kommt allerdings der n\u00e4chste schwere Brocken an den Kronacher Wald. T\u00fcrkspor N\u00fcrnberg, ehemals Derghaspor, steht mit drei Punkten weniger als der FSV weiterhin in Lauerstellung und k\u00f6nnte mit einem Sieg gleichziehen. Um das zu verhindern, braucht es am Samstag eine \u00e4hnlich starke Mannschaftsleistung wie am vergangenen Spieltag.<\/p>\n<p>Nicht mit von der Partie wird der rotgesperrte Christopher Schaab sein. &#8222;Gut ist, dass ich einen Kader habe, bei dem ich entsprechend handeln kann&#8220;, meinte Manni Dedaj schon nach dem Herzogenaurach-Spiel. \u00c4hnliches gilt wohl f\u00fcr Samstag &#8211; das Team hat in den letzten Wochen bewiesen, dass es Ausf\u00e4lle kompensieren kann.<\/p>\n<p>Vor allem dann, wenn die Mannschaft weiterhin die bemerkenswerte Unterst\u00fctzung der Fans sp\u00fcrt!<\/p>\n<p>Wir freuen uns auf Euch! Kommt am <strong>Samstag, den 9. September um 16 Uhr<\/strong> zur Stadelner Waldsportanlage, um gemeinsam die n\u00e4chsten drei Punkte einzufahren!<\/p>\n<p><strong>Wieder ein Sechs-Punkte-Wochenende?\u00a0<\/strong><\/p>\n<p>Auch die U23 ist gut aus den Startl\u00f6chern gekommen und steht mit sechs Punkten aus drei Spielen auf dem vierten Platz! Ebenfalls am <strong>Samstag (Anpfiff ist um 13 Uhr)<\/strong> bestreitet auch die &#8222;Zweite&#8220; ihr Heimspiel. Mit der SpVgg M\u00f6geldorf gastiert der Tabellensiebte in Stadeln. Die Jungs freuen sich auf Euer Kommen. Lasst uns den Samstag gemeinsam zum Sechs-Punkte-Samstag machen!<\/p>\n<p>Sportliche Gr\u00fc\u00dfe w\u00fcnscht der gesamte FSV!<\/p>\n","protected":false},"excerpt":{"rendered":"<p>Liebe FSV`ler, es l\u00e4uft rund bei unserer Ersten! Die vergangenen f\u00fcnf Spiele konnten allesamt gewonnen werden. Erst letzte Woche musste der zuvor ungeschlagene Tabellenf\u00fchrer FC Herzogenaurach dran glauben &#8211; 1:0 siegte der FSV. Am Samstag kommt allerdings der n\u00e4chste schwere Brocken an den Kronacher Wald. T\u00fcrkspor N\u00fcrnberg, ehemals Derghaspor, steht mit drei Punkten weniger als der FSV weiterhin in Lauerstellung [&hellip;]<\/p>\n","protected":false},"author":10,"featured_media":2019,"comment_status":"closed","ping_status":"open","sticky":false,"template":"","format":"standard","meta":{"_monsterinsights_skip_tracking":false,"_monsterinsights_sitenote_active":false,"_monsterinsights_sitenote_note":"","_monsterinsights_sitenote_category":0,"footnotes":""},"categories":[5],"tags":[],"class_list":["post-2017","post","type-post","status-publish","format-standard","has-post-thumbnail","hentry","category-fussball"],"aioseo_notices":[],"_links":{"self":[{"href":"https:\/\/www.fsv-stadeln.de\/index.php?rest_route=\/wp\/v2\/posts\/2017","targetHints":{"allow":["GET"]}}],"collection":[{"href":"https:\/\/www.fsv-stadeln.de\/index.php?rest_route=\/wp\/v2\/posts"}],"about":[{"href":"https:\/\/www.fsv-stadeln.de\/index.php?rest_route=\/wp\/v2\/types\/post"}],"author":[{"embeddable":true,"href":"https:\/\/www.fsv-stadeln.de\/index.php?rest_route=\/wp\/v2\/users\/10"}],"replies":[{"embeddable":true,"href":"https:\/\/www.fsv-stadeln.de\/index.php?rest_route=%2Fwp%2Fv2%2Fcomments&post=2017"}],"version-history":[{"count":1,"href":"https:\/\/www.fsv-stadeln.de\/index.php?rest_route=\/wp\/v2\/posts\/2017\/revisions"}],"predecessor-version":[{"id":2018,"href":"https:\/\/www.fsv-stadeln.de\/index.php?rest_route=\/wp\/v2\/posts\/2017\/revisions\/2018"}],"wp:featuredmedia":[{"embeddable":true,"href":"https:\/\/www.fsv-stadeln.de\/index.php?rest_route=\/wp\/v2\/media\/2019"}],"wp:attachment":[{"href":"https:\/\/www.fsv-stadeln.de\/index.php?rest_route=%2Fwp%2Fv2%2Fmedia&parent=2017"}],"wp:term":[{"taxonomy":"category","embeddable":true,"href":"https:\/\/www.fsv-stadeln.de\/index.php?rest_route=%2Fwp%2Fv2%2Fcategories&post=2017"},{"taxonomy":"post_tag","embeddable":true,"href":"https:\/\/www.fsv-stadeln.de\/index.php?rest_route=%2Fwp%2Fv2%2Ftags&post=2017"}],"curies":[{"name":"wp","href":"https:\/\/api.w.org\/{rel}","templated":true}]}}