{"id":2010,"date":"2017-09-02T07:28:58","date_gmt":"2017-09-02T05:28:58","guid":{"rendered":"http:\/\/www.fsv-stadeln.de\/?p=2010"},"modified":"2017-09-02T07:28:58","modified_gmt":"2017-09-02T05:28:58","slug":"8-spieltag-fc-herzogenaurach-fsv-stadeln","status":"publish","type":"post","link":"https:\/\/www.fsv-stadeln.de\/?p=2010","title":{"rendered":"8. Spieltag: FC Herzogenaurach &#8211; FSV Stadeln"},"content":{"rendered":"<p>Liebe FSV`ler,<\/p>\n<p>das Topspiel steht vor der T\u00fcr!\u00a0<em>fussballn.de<\/em> spricht gar vom &#8222;gr\u00f6\u00dften Highlight des Bezirksligawochenendes&#8220;.<\/p>\n<p>Unsere Erste um Coach Manfred Dedaj gastiert heute beim FC Herzogenaurach. Die Pumas stehen vor dem achten Spieltag makellos an der Tabellenspitze. Die Bilanz von 21 Punkten und 24:3 Toren spricht B\u00e4nde und sagt alles \u00fcber den Lauf der Herzogenauracher.<\/p>\n<p>Doch auch der FSV kann mit ordentlich R\u00fcckenwind anreisen &#8211; die letzten vier Spiele wurden allesamt gewonnen, darunter das 5:0 gegen den ASV Zirndorf am vergangenen Spieltag. Dank der Siege der letzten Wochen rangiert der FSV derzeit auf dem dritten Tabellenplatz und ist somit in Schlagdistanz zur Spitze.<\/p>\n<p>Das Ziel ist klar: Mit einem Dreier kann der R\u00fcckstand nach ganz oben verk\u00fcrzt werden! Gerade im Topspiel braucht aber nicht nur die Mannschaft einen \u00e4hnlich starken Auftritt wie letzte Woche. Auch die Zuschauer k\u00f6nnen die bemerkenswert gute Stimmung aus dem K\u00e4rwa-Spiel transportieren und dem Team somit den letzten Schub Motivation verleihen!<\/p>\n<p>In diesem Sinne: Wir freuen uns \u00fcber jeden, der heute (<strong>2. September um 16 Uhr<\/strong>) den Weg nach Herzogenaurach auf sich nimmt und den FSV unterst\u00fctzt!<\/p>\n<p>Sportliche Gr\u00fc\u00dfe und bis nachher!<\/p>\n<p>&nbsp;<\/p>\n<p>Spielort: Am Weihersbach 1, 91074 Herzogenaurach<\/p>\n<p>&nbsp;<\/p>\n<p>&nbsp;<\/p>\n<p>&nbsp;<\/p>\n<p>&nbsp;<\/p>\n","protected":false},"excerpt":{"rendered":"<p>Liebe FSV`ler, das Topspiel steht vor der T\u00fcr!\u00a0fussballn.de spricht gar vom &#8222;gr\u00f6\u00dften Highlight des Bezirksligawochenendes&#8220;. Unsere Erste um Coach Manfred Dedaj gastiert heute beim FC Herzogenaurach. Die Pumas stehen vor dem achten Spieltag makellos an der Tabellenspitze. Die Bilanz von 21 Punkten und 24:3 Toren spricht B\u00e4nde und sagt alles \u00fcber den Lauf der Herzogenauracher. Doch auch der FSV kann [&hellip;]<\/p>\n","protected":false},"author":10,"featured_media":2012,"comment_status":"closed","ping_status":"open","sticky":false,"template":"","format":"standard","meta":{"_monsterinsights_skip_tracking":false,"_monsterinsights_sitenote_active":false,"_monsterinsights_sitenote_note":"","_monsterinsights_sitenote_category":0,"footnotes":""},"categories":[5],"tags":[],"class_list":["post-2010","post","type-post","status-publish","format-standard","has-post-thumbnail","hentry","category-fussball"],"aioseo_notices":[],"_links":{"self":[{"href":"https:\/\/www.fsv-stadeln.de\/index.php?rest_route=\/wp\/v2\/posts\/2010","targetHints":{"allow":["GET"]}}],"collection":[{"href":"https:\/\/www.fsv-stadeln.de\/index.php?rest_route=\/wp\/v2\/posts"}],"about":[{"href":"https:\/\/www.fsv-stadeln.de\/index.php?rest_route=\/wp\/v2\/types\/post"}],"author":[{"embeddable":true,"href":"https:\/\/www.fsv-stadeln.de\/index.php?rest_route=\/wp\/v2\/users\/10"}],"replies":[{"embeddable":true,"href":"https:\/\/www.fsv-stadeln.de\/index.php?rest_route=%2Fwp%2Fv2%2Fcomments&post=2010"}],"version-history":[{"count":2,"href":"https:\/\/www.fsv-stadeln.de\/index.php?rest_route=\/wp\/v2\/posts\/2010\/revisions"}],"predecessor-version":[{"id":2013,"href":"https:\/\/www.fsv-stadeln.de\/index.php?rest_route=\/wp\/v2\/posts\/2010\/revisions\/2013"}],"wp:featuredmedia":[{"embeddable":true,"href":"https:\/\/www.fsv-stadeln.de\/index.php?rest_route=\/wp\/v2\/media\/2012"}],"wp:attachment":[{"href":"https:\/\/www.fsv-stadeln.de\/index.php?rest_route=%2Fwp%2Fv2%2Fmedia&parent=2010"}],"wp:term":[{"taxonomy":"category","embeddable":true,"href":"https:\/\/www.fsv-stadeln.de\/index.php?rest_route=%2Fwp%2Fv2%2Fcategories&post=2010"},{"taxonomy":"post_tag","embeddable":true,"href":"https:\/\/www.fsv-stadeln.de\/index.php?rest_route=%2Fwp%2Fv2%2Ftags&post=2010"}],"curies":[{"name":"wp","href":"https:\/\/api.w.org\/{rel}","templated":true}]}}