{"id":1976,"date":"2017-08-24T13:44:08","date_gmt":"2017-08-24T11:44:08","guid":{"rendered":"http:\/\/www.fsv-stadeln.de\/?p=1976"},"modified":"2017-08-24T15:14:01","modified_gmt":"2017-08-24T13:14:01","slug":"kaerwaspiele-beim-fsv","status":"publish","type":"post","link":"https:\/\/www.fsv-stadeln.de\/?p=1976","title":{"rendered":"K\u00e4rwaspiele beim FSV"},"content":{"rendered":"<p>Eines der Saison-Highlights steht vor der T\u00fcr! Am <strong>Samstag, den 26.08. um 15 Uhr<\/strong>, empf\u00e4ngt der FSV den <strong>ASV Zirndorf<\/strong>\u00a0zum K\u00e4rwaspiel an der Stadelner Waldsportanlage!<\/p>\n<p>Das Duell verspricht Spannung: Die Stadelner k\u00f6nnen nach zuletzt drei Siegen in Folge mit ordentlich R\u00fcckenwind antreten. Daran \u00e4ndert auch die nach wie vor \u00e4u\u00dferst angespannte Personallage nichts. Auf der anderen Seite sind auch die Zirndorfer schwungvoll in die Saison gestartet. Mit zw\u00f6lf Punkten aus f\u00fcnf Spielen ist man sicherlich zufrieden. Lediglich gegen Cagri Spor musste der ASV Punkte liegen lassen.<\/p>\n<p>Wir haben uns vor dem vor dem Spieltag bei Kapit\u00e4n Tobias W\u00f6lfel umgeh\u00f6rt und nach seiner Einsch\u00e4tzung zum K\u00e4rwaspiel gefragt. Er selbst bestreitet am Samstag bereits sein 15. K\u00e4rwaspiel f\u00fcr den FSV und erinnert sich dabei an &#8222;geile Siege, aber auch bittere Niederlagen&#8220;. Dass es ausgerechnet gegen den Nachbarn aus Zirndorf geht, ist &#8222;zus\u00e4tzlich sch\u00f6n, weil man sich halt doch kennt&#8220;.<\/p>\n<p>Die K\u00e4rwa ist ja bekanntlich nur einmal im Jahr. Auch deswegen freut sich W\u00f6lfel besonders: &#8222;Wenn man gewinnt, kann man die K\u00e4rwa voll mitnehmen und am Abend mit den Fans das Spiel an der Bar Revue passieren lassen&#8220;, wei\u00df er, dass das Spiel auch f\u00fcr die Zuschauer nichts Allt\u00e4gliches ist. Gleichzeitig findet er auch, dass man &#8222;nicht unbedingt motivierter als sonst rein geht. Die Motivation ist ja bei jedem Spiel auf dem Maximum.&#8220;<\/p>\n<p>Sportlich erwartet er eine &#8222;enge Kiste&#8220; und kann somit keinen Tipp abgeben. &#8222;Die Zirndorfer sind gut gestartet. Uns helfen nat\u00fcrlich die drei Siege zuletzt, so dass man nicht auf Biegen und Brechen gewinnen muss. Klar ist aber auch: Wir haben noch ordentlich Potential nach oben.&#8220; Das Ziel ist &#8222;selbstverst\u00e4ndlich der vierte Sieg in Folge!&#8220;<\/p>\n<p>&nbsp;<\/p>\n<p>Den zweiten Sieg in Folge m\u00f6chte hingegen unsere U23 einfahren. Nach dem Sieg zum Auftakt vergangene Woche m\u00f6chte die Elf von Stefan M\u00fcller am Samstag nachlegen. Gegner zum K\u00e4rwaspiel der <strong>&#8222;Zweiten&#8220;<\/strong> wird der <strong>TV Glaishammer sein. Anpfiff ist um 12:00 Uhr<\/strong> und somit drei Stunden vor der Ersten.<\/p>\n<p>Ein Vorschlag unsererseits: Freitag auf die K\u00e4rwa, Samstag fr\u00fch \u00b4ne Fischsemmel und ab mittags Fu\u00dfball satt beim FSV!!! Anschlie\u00dfend mit sechs Punkten im Gep\u00e4ck ins Bierzelt!<\/p>\n<p>Wir freuen uns auf das Wochenende mit Euch!<\/p>\n<p>&nbsp;<\/p>\n","protected":false},"excerpt":{"rendered":"<p>Eines der Saison-Highlights steht vor der T\u00fcr! Am Samstag, den 26.08. um 15 Uhr, empf\u00e4ngt der FSV den ASV Zirndorf\u00a0zum K\u00e4rwaspiel an der Stadelner Waldsportanlage! Das Duell verspricht Spannung: Die Stadelner k\u00f6nnen nach zuletzt drei Siegen in Folge mit ordentlich R\u00fcckenwind antreten. Daran \u00e4ndert auch die nach wie vor \u00e4u\u00dferst angespannte Personallage nichts. Auf der anderen Seite sind auch die [&hellip;]<\/p>\n","protected":false},"author":10,"featured_media":1979,"comment_status":"closed","ping_status":"open","sticky":false,"template":"","format":"standard","meta":{"_monsterinsights_skip_tracking":false,"_monsterinsights_sitenote_active":false,"_monsterinsights_sitenote_note":"","_monsterinsights_sitenote_category":0,"footnotes":""},"categories":[5,8],"tags":[],"class_list":["post-1976","post","type-post","status-publish","format-standard","has-post-thumbnail","hentry","category-fussball","category-u23"],"aioseo_notices":[],"_links":{"self":[{"href":"https:\/\/www.fsv-stadeln.de\/index.php?rest_route=\/wp\/v2\/posts\/1976","targetHints":{"allow":["GET"]}}],"collection":[{"href":"https:\/\/www.fsv-stadeln.de\/index.php?rest_route=\/wp\/v2\/posts"}],"about":[{"href":"https:\/\/www.fsv-stadeln.de\/index.php?rest_route=\/wp\/v2\/types\/post"}],"author":[{"embeddable":true,"href":"https:\/\/www.fsv-stadeln.de\/index.php?rest_route=\/wp\/v2\/users\/10"}],"replies":[{"embeddable":true,"href":"https:\/\/www.fsv-stadeln.de\/index.php?rest_route=%2Fwp%2Fv2%2Fcomments&post=1976"}],"version-history":[{"count":1,"href":"https:\/\/www.fsv-stadeln.de\/index.php?rest_route=\/wp\/v2\/posts\/1976\/revisions"}],"predecessor-version":[{"id":1977,"href":"https:\/\/www.fsv-stadeln.de\/index.php?rest_route=\/wp\/v2\/posts\/1976\/revisions\/1977"}],"wp:featuredmedia":[{"embeddable":true,"href":"https:\/\/www.fsv-stadeln.de\/index.php?rest_route=\/wp\/v2\/media\/1979"}],"wp:attachment":[{"href":"https:\/\/www.fsv-stadeln.de\/index.php?rest_route=%2Fwp%2Fv2%2Fmedia&parent=1976"}],"wp:term":[{"taxonomy":"category","embeddable":true,"href":"https:\/\/www.fsv-stadeln.de\/index.php?rest_route=%2Fwp%2Fv2%2Fcategories&post=1976"},{"taxonomy":"post_tag","embeddable":true,"href":"https:\/\/www.fsv-stadeln.de\/index.php?rest_route=%2Fwp%2Fv2%2Ftags&post=1976"}],"curies":[{"name":"wp","href":"https:\/\/api.w.org\/{rel}","templated":true}]}}