{"id":1959,"date":"2017-08-17T13:06:42","date_gmt":"2017-08-17T11:06:42","guid":{"rendered":"http:\/\/www.fsv-stadeln.de\/?p=1959"},"modified":"2017-08-17T13:06:42","modified_gmt":"2017-08-17T11:06:42","slug":"5-spieltag-tv-48-erlangen-fsv-stadeln-23-02","status":"publish","type":"post","link":"https:\/\/www.fsv-stadeln.de\/?p=1959","title":{"rendered":"5. Spieltag: TV 48 Erlangen &#8211; FSV Stadeln 2:3 (0:2)"},"content":{"rendered":"<div class=\"col-xs-12 mb-20\">\n<div class=\"image\" style=\"text-align: left;\">\n<figure><strong>Mit einer \u00fcberzeugenden und mannschaftlich geschlossenen Leistung schien der FSV Stadeln am Abend lange Zeit souver\u00e4n drei Punkte aus Erlangen zu entf\u00fchren, ehe nach einer 3:0-F\u00fchrung das gro\u00dfe Zittern beim FSV begann. Beim Gegner, dem TV 48, lief bei der 2:3-Heimniederlage zun\u00e4chst nicht viel zusammen, erst ab Mitte der zweiten Halbzeit wurden die Gastgeber druckvoller. Bereits zur Halbzeit lag die Sasse-Elf mit zwei Toren im R\u00fcckstand. Einen Abpraller von der Querlatte staubte Perlitz in der 6. Minute zur Stadelner F\u00fchrung ab und Kapit\u00e4n W\u00f6lfel verl\u00e4ngerte einen Grassler-Freisto\u00df per Kopf zum 2:0 (34.). Nach dem Seitenwechsel erh\u00f6hte Abudo in der 46. Minute auf 3:0, ehe Erlangen in Minute 71 das 1:3 durch Decher gelang. Nach einem verwandelten Elfmeter von Mahler kam in der Schlussphase noch einmal Spannung auf.<\/strong><\/figure>\n<\/div>\n<\/div>\n<div class=\"col-xs-12\">\n<div class=\"content\">\n<p>&nbsp;<\/p>\n<div class=\"col-xs-12 mb-20\">\n<div class=\"image\">\n<figure><img decoding=\"async\" src=\"https:\/\/www.fussballn.de\/images\/cache\/33eaae24ffebf4a529dc79765e559a8b_w750_h500_cp_5.JPG\" alt=\"Tobias Weber springt \u00fcber Nuhi Syleymani hinweg. | Foto: fussballn.de\" \/><figcaption>Tobias Weber springt \u00fcber Nuhi Syleymani hinweg. | Foto: fussballn.de<\/figcaption><\/figure>\n<\/div>\n<\/div>\n<div class=\"col-xs-12\"><\/div>\n<p>Die Partie am Europakanal in Erlangen lief erst wenige Minuten, da staubte Stadelns Perlitz nach einem Grassler-Freisto\u00df, der vom Querbalken zur\u00fcck ins Feld sprang, zur G\u00e4ste-F\u00fchrung ab. Stadeln hatte die Begegnung auch in der Folge klar im Griff, w\u00e4hrend die Heimelf anf\u00e4nglich gro\u00dfe Probleme hatte, die eigene Spielh\u00e4lfte zu verlassen.<\/p>\n<p><span class=\" wf_caption\"><img decoding=\"async\" src=\"https:\/\/www.fussballn.de\/images\/stories\/saison17-18\/BZL-Nord\/05-tv48-stadeln\/perlitz-foult.JPG\" alt=\"perlitz foult\" width=\"750\" \/>Bastian Perlitz sorgte f\u00fcr die Stadelner F\u00fchrung und kam hier den ber\u00fchmten Schritt zu sp\u00e4t. | Foto: fussballn.de<\/span><\/p>\n<p>Str\u00f6bel (16.) und S\u00f6llmann mit einem Freisto\u00df n\u00e4herten sich dem Stadelner Geh\u00e4use gef\u00e4hrlich an. In der 34. Minute schlug Grassler einen weiteren Freisto\u00df aus dem Zentrum in die Spitze und der aufger\u00fcckte Kapit\u00e4n W\u00f6lfel entdeckte abermals seine Torj\u00e4gerqualit\u00e4ten und verl\u00e4ngerte den Flankenball per Kopf in die Maschen &#8211; 0:2. Mit dieser verdienten G\u00e4ste-F\u00fchrung gingen beide Mannschaften in die Halbzeitpause.<\/p>\n<p><span class=\" wf_caption\"><img decoding=\"async\" src=\"https:\/\/www.fussballn.de\/images\/stories\/saison17-18\/BZL-Nord\/05-tv48-stadeln\/jubel-walthier-woelfel.JPG\" alt=\"Angelo Walthier gratuliert seinem Kapit\u00e4n Tobias W\u00f6lfel nach dem 2:0. | Foto: fussballn.de\" width=\"750\" \/>Angelo Walthier gratuliert seinem Kapit\u00e4n Tobias W\u00f6lfel nach dem 2:0. | Foto: fussballn.de<\/span><br \/>\nDirekt nach Wiederbeginn verwertete Abudo eine Hereingabe von Weber aus kurzer Distanz zum 3:0 f\u00fcr Stadeln. Die Partie schien gelaufen und so lie\u00dfen es die G\u00e4ste in der Folge ruhiger angehen und erm\u00f6glichten den Erlangern deutlich mehr R\u00e4ume als noch in der ersten Halbzeit. Syleymani setzte einen Freisto\u00df an den Pfosten (51.). Auf der Gegenseite scheiterte Schaab mit einem Schuss an Keeper Kist. Nach guter Vorarbeit von St\u00f6hr zog Decher in der 71. Minute am Strafraumeck trocken ab und erzielte den 1:3-Anschlusstreffer. Als wenig sp\u00e4ter Forster Syleymani im Strafraum schubste, zeigte Schiedsrichter Hoffmann auf den Punkt. TV-Kapit\u00e4n Mahler verwandelte den Elfmeter sicher zum 2:3-Anschlusstreffer.<\/p>\n<p><span class=\" wf_caption\"><img decoding=\"async\" src=\"https:\/\/www.fussballn.de\/images\/stories\/saison17-18\/BZL-Nord\/05-tv48-stadeln\/elfmeter-mahler.JPG\" alt=\"Kapit\u00e4n Max Mahler brachte seine Farben per Strafsto\u00df auf 2:3 heran. | Foto: fussballn.de\" width=\"750\" \/>Kapit\u00e4n Max Mahler brachte seine Farben per Strafsto\u00df auf 2:3 heran. | Foto: fussballn.de<\/span><\/p>\n<p>Der TV 48 Erlangen dr\u00fcckte anschlie\u00dfend vehement auf den 3:3-Ausgleich, doch die G\u00e4ste verteidigten mit Mann und Maus und brachten den Ausw\u00e4rtssieg in trockene T\u00fccher.<br \/>\n(Bericht und Fotos: fussballn.de)<\/p>\n<p><strong>Erlangen<\/strong>: Kist &#8211; Str\u00f6bel, Lehnemann (47. St\u00f6hr), Mahler, Karl, Schnupp (83. Goldammer), Spielmann (79. Einsfeld Pereira), S\u00f6llmann, Decher, Syleymani, Wangemann<\/p>\n<p><strong>Stadeln:<\/strong> Krieger &#8211; Perlitz, W\u00f6lfel, Gra\u00dfler (80. Lennert), Abudo, Weber, Kreuzer, Reischl (65. Spahn), Walthier, Schaab (63. Marsch), Forster<\/p>\n<p><strong>Tore:<\/strong> 0:1 Perlitz (6.), 0:2 W\u00f6lfel (34.), 0:3 Abudo (46.), 1:3 Decher (71.), 2:3 Mahler (82., Foulelfmeter)<\/p>\n<p><strong>Schiedsrichter:<\/strong> Jan Hoffmann (TSV R\u00f6thenbach) \/ <strong>Zuschauer:<\/strong> 100.<\/p>\n<\/div>\n<\/div>\n","protected":false},"excerpt":{"rendered":"<p>Mit einer \u00fcberzeugenden und mannschaftlich geschlossenen Leistung schien der FSV Stadeln am Abend lange Zeit souver\u00e4n drei Punkte aus Erlangen zu entf\u00fchren, ehe nach einer 3:0-F\u00fchrung das gro\u00dfe Zittern beim FSV begann. Beim Gegner, dem TV 48, lief bei der 2:3-Heimniederlage zun\u00e4chst nicht viel zusammen, erst ab Mitte der zweiten Halbzeit wurden die Gastgeber druckvoller. Bereits zur Halbzeit lag die [&hellip;]<\/p>\n","protected":false},"author":10,"featured_media":1892,"comment_status":"closed","ping_status":"open","sticky":false,"template":"","format":"standard","meta":{"_monsterinsights_skip_tracking":false,"_monsterinsights_sitenote_active":false,"_monsterinsights_sitenote_note":"","_monsterinsights_sitenote_category":0,"footnotes":""},"categories":[5],"tags":[],"class_list":["post-1959","post","type-post","status-publish","format-standard","has-post-thumbnail","hentry","category-fussball"],"aioseo_notices":[],"_links":{"self":[{"href":"https:\/\/www.fsv-stadeln.de\/index.php?rest_route=\/wp\/v2\/posts\/1959","targetHints":{"allow":["GET"]}}],"collection":[{"href":"https:\/\/www.fsv-stadeln.de\/index.php?rest_route=\/wp\/v2\/posts"}],"about":[{"href":"https:\/\/www.fsv-stadeln.de\/index.php?rest_route=\/wp\/v2\/types\/post"}],"author":[{"embeddable":true,"href":"https:\/\/www.fsv-stadeln.de\/index.php?rest_route=\/wp\/v2\/users\/10"}],"replies":[{"embeddable":true,"href":"https:\/\/www.fsv-stadeln.de\/index.php?rest_route=%2Fwp%2Fv2%2Fcomments&post=1959"}],"version-history":[{"count":3,"href":"https:\/\/www.fsv-stadeln.de\/index.php?rest_route=\/wp\/v2\/posts\/1959\/revisions"}],"predecessor-version":[{"id":1962,"href":"https:\/\/www.fsv-stadeln.de\/index.php?rest_route=\/wp\/v2\/posts\/1959\/revisions\/1962"}],"wp:featuredmedia":[{"embeddable":true,"href":"https:\/\/www.fsv-stadeln.de\/index.php?rest_route=\/wp\/v2\/media\/1892"}],"wp:attachment":[{"href":"https:\/\/www.fsv-stadeln.de\/index.php?rest_route=%2Fwp%2Fv2%2Fmedia&parent=1959"}],"wp:term":[{"taxonomy":"category","embeddable":true,"href":"https:\/\/www.fsv-stadeln.de\/index.php?rest_route=%2Fwp%2Fv2%2Fcategories&post=1959"},{"taxonomy":"post_tag","embeddable":true,"href":"https:\/\/www.fsv-stadeln.de\/index.php?rest_route=%2Fwp%2Fv2%2Ftags&post=1959"}],"curies":[{"name":"wp","href":"https:\/\/api.w.org\/{rel}","templated":true}]}}