{"id":1952,"date":"2017-08-17T17:19:04","date_gmt":"2017-08-17T15:19:04","guid":{"rendered":"http:\/\/www.fsv-stadeln.de\/?p=1952"},"modified":"2017-08-17T17:19:04","modified_gmt":"2017-08-17T15:19:04","slug":"die-zweite-vor-dem-neuanfang","status":"publish","type":"post","link":"https:\/\/www.fsv-stadeln.de\/?p=1952","title":{"rendered":"Die &#8222;Zweite&#8220; vor dem Neuanfang"},"content":{"rendered":"<p>Am kommenden Sonntag startet auch unsere U23 in die neue Saison. Dabei muss Neu-Coach Stefan M\u00fcller nach eigenen Angaben einen &#8222;Neuanfang&#8220; bew\u00e4ltigen.<\/p>\n<p>Nicht zuletzt deshalb, weil wichtige Positionen im Umfeld der Mannschaft neu besetzt wurden. Der langj\u00e4hrige FSV`ler Tadeus &#8222;Teddy&#8220; Brodatsch verl\u00e4sst den Verein und gibt sein Amt an Stefan M\u00fcller weiter. &#8222;Teddy&#8220; war seit 2004 f\u00fcr den FSV aktiv. Er betreute verschiedene Jugendteams und \u00fcbernahm 2015 parallel zur A-Jugend die zweite Mannschaft. Sein gr\u00f6\u00dfter Erfolg war sicherlich der Aufstieg mit seiner A-Jugend in die BOL in der Saison 2013\/2014.<\/p>\n<p>Ramon Vayvalakyan und Daniel Schmidt beerben derweil Erwin Brunner als Spielleiter, der nach zehn Jahren Platz f\u00fcr die beiden Neuen macht. Ein gro\u00dfes Dankesch\u00f6n nochmals an Teddy und Erwin f\u00fcr die vergangenen Jahre!<\/p>\n<p>Auch innerhalb der Mannschaft hat sich einiges getan. Sechs Neuzug\u00e4ngen und zwei Nachr\u00fcckern aus der eigenen A-Jugend stehen drei Abg\u00e4nge gegen\u00fcber. Besonders der Verlust des langj\u00e4hrigen Kapit\u00e4ns Denis &#8222;Dima&#8220; Wittmaier wiegt schwer. Denis geht beruflich in die Schweiz. In elf Jahren FSV stand &#8222;Dima&#8220; f\u00fcr die erste und zweite Mannschaft insgesamt 345 Mal auf dem Platz und erzielte dabei 79 Tore. &#8222;Das war eine geile Zeit, die ich nicht missen m\u00f6chte&#8220;, sagt Denis. Wir auch nicht! Danke an dieser Stelle f\u00fcr Dein Engagement f\u00fcr den Verein!<\/p>\n<p>Stefan M\u00fcller, der bereits als U13- und U15-Trainer in Stadeln aktiv war, freut sich auf den Neuanfang und m\u00f6chte die U23 des FSV &#8222;mit neuem Team zu alter St\u00e4rke&#8220; zur\u00fcckf\u00fchren. &#8222;Nat\u00fcrlich muss die Mannschaft noch zusammenwachsen. Da liegt schon noch Arbeit vor uns. Gleichzeitig sieht man schon jetzt das Potential, das in der jungen Truppe steckt&#8220;, sch\u00e4tzt er die Qualit\u00e4t des Teams ein. Jung und unerfahren deshalb, weil insgesamt zehn Spieler der Jahrg\u00e4nge 1996 oder j\u00fcnger dabei sind.<\/p>\n<p>Mit der Vorbereitung ist der Coach nur bedingt zufrieden. Von den sieben Vorbereitungsspielen gingen f\u00fcnf verloren, eines konnte gewonnen werden. Vor allem die durchschnittlich vier Gegentore pro Spiel sto\u00dfen dem Trainer sauer auf. &#8222;Da spielt die gew\u00fcnschte Philosophie eines Trainers erstmal keine Rolle. Wir m\u00fcssen schnellstm\u00f6glich besser gegen den Ball arbeiten&#8220;, erkennt er die Aufgaben f\u00fcr die Zukunft. Erst dann k\u00f6nne er an seiner Vorstellung, Fu\u00dfball spielen zu lassen, arbeiten. &#8222;Wenn der Gegner den Ball hat, laufen wir. Wenn wir den Ball haben, laufen Ball und Gegner&#8220;, erkl\u00e4rt er seinen Ansatz. Daran arbeite man jedes Training.<\/p>\n<p>Auch die Vorfreude auf das erste Spiel h\u00e4lt sich demnach in Grenzen. &#8222;Das Selbstvertrauen fehlt aufgrund der Ergebnisse etwas.&#8220; Hinzu kommen zwei Urlauber und f\u00fcnf Verletzte, die Stefan &#8222;potentiell in der Stammelf&#8220; sieht. &#8222;Wir nehmen das aber so wie es kommt&#8220;, gibt er sich trotzdem optimistisch.<\/p>\n<p>Als Saisonziel stehe an oberster Stelle, ein Team zu formen, das f\u00fcreinander k\u00e4mpft und miteinander gewinnen will. &#8222;Dann sehe ich uns in der sehr stark besetzen Kreisklasse auf jeden Fall im Tabellenmittelfeld.&#8220;<\/p>\n<p>Beginnen kann das Team damit am <strong>kommenden Sonntag, 20.08. um 14 Uhr<\/strong>. Dann wartet mit der SG N\u00fcrnberg 83 II gleich ein schwerer Brocken der Kreisklasse 4.<\/p>\n<p>Lasst uns die neu formierte Zweite gemeinsam unterst\u00fctzen!<\/p>\n<p>&nbsp;<\/p>\n<p>Spielort: Regelsbacher Stra\u00dfe 56, 90431 N\u00fcrnberg<\/p>\n<p>&nbsp;<\/p>\n<p>&nbsp;<\/p>\n<p>&nbsp;<\/p>\n","protected":false},"excerpt":{"rendered":"<p>Am kommenden Sonntag startet auch unsere U23 in die neue Saison. Dabei muss Neu-Coach Stefan M\u00fcller nach eigenen Angaben einen &#8222;Neuanfang&#8220; bew\u00e4ltigen. Nicht zuletzt deshalb, weil wichtige Positionen im Umfeld der Mannschaft neu besetzt wurden. Der langj\u00e4hrige FSV`ler Tadeus &#8222;Teddy&#8220; Brodatsch verl\u00e4sst den Verein und gibt sein Amt an Stefan M\u00fcller weiter. &#8222;Teddy&#8220; war seit 2004 f\u00fcr den FSV aktiv. [&hellip;]<\/p>\n","protected":false},"author":10,"featured_media":1957,"comment_status":"closed","ping_status":"open","sticky":false,"template":"","format":"standard","meta":{"_monsterinsights_skip_tracking":false,"_monsterinsights_sitenote_active":false,"_monsterinsights_sitenote_note":"","_monsterinsights_sitenote_category":0,"footnotes":""},"categories":[8],"tags":[],"class_list":["post-1952","post","type-post","status-publish","format-standard","has-post-thumbnail","hentry","category-u23"],"aioseo_notices":[],"_links":{"self":[{"href":"https:\/\/www.fsv-stadeln.de\/index.php?rest_route=\/wp\/v2\/posts\/1952","targetHints":{"allow":["GET"]}}],"collection":[{"href":"https:\/\/www.fsv-stadeln.de\/index.php?rest_route=\/wp\/v2\/posts"}],"about":[{"href":"https:\/\/www.fsv-stadeln.de\/index.php?rest_route=\/wp\/v2\/types\/post"}],"author":[{"embeddable":true,"href":"https:\/\/www.fsv-stadeln.de\/index.php?rest_route=\/wp\/v2\/users\/10"}],"replies":[{"embeddable":true,"href":"https:\/\/www.fsv-stadeln.de\/index.php?rest_route=%2Fwp%2Fv2%2Fcomments&post=1952"}],"version-history":[{"count":5,"href":"https:\/\/www.fsv-stadeln.de\/index.php?rest_route=\/wp\/v2\/posts\/1952\/revisions"}],"predecessor-version":[{"id":1965,"href":"https:\/\/www.fsv-stadeln.de\/index.php?rest_route=\/wp\/v2\/posts\/1952\/revisions\/1965"}],"wp:featuredmedia":[{"embeddable":true,"href":"https:\/\/www.fsv-stadeln.de\/index.php?rest_route=\/wp\/v2\/media\/1957"}],"wp:attachment":[{"href":"https:\/\/www.fsv-stadeln.de\/index.php?rest_route=%2Fwp%2Fv2%2Fmedia&parent=1952"}],"wp:term":[{"taxonomy":"category","embeddable":true,"href":"https:\/\/www.fsv-stadeln.de\/index.php?rest_route=%2Fwp%2Fv2%2Fcategories&post=1952"},{"taxonomy":"post_tag","embeddable":true,"href":"https:\/\/www.fsv-stadeln.de\/index.php?rest_route=%2Fwp%2Fv2%2Ftags&post=1952"}],"curies":[{"name":"wp","href":"https:\/\/api.w.org\/{rel}","templated":true}]}}