{"id":1942,"date":"2017-08-14T17:13:38","date_gmt":"2017-08-14T15:13:38","guid":{"rendered":"http:\/\/www.fsv-stadeln.de\/?p=1942"},"modified":"2017-08-15T14:23:59","modified_gmt":"2017-08-15T12:23:59","slug":"mannis-fussballzentrum-auf-dem-fsv-gelaende","status":"publish","type":"post","link":"https:\/\/www.fsv-stadeln.de\/?p=1942","title":{"rendered":"Manni`s Fu\u00dfballzentrum auf dem FSV-Gel\u00e4nde"},"content":{"rendered":"<p>Liebe Eltern, liebe Kinder,<\/p>\n<p>die Sommerferien sind lang! De<img loading=\"lazy\" decoding=\"async\" class=\"size-medium wp-image-1943 alignleft\" src=\"http:\/\/www.fsv-stadeln.de\/wp-content\/uploads\/2017\/08\/Flyer-Mannis-Fussballschule-e1502723273531-256x300.jpg\" alt=\"\" width=\"256\" height=\"300\" srcset=\"https:\/\/www.fsv-stadeln.de\/wp-content\/uploads\/2017\/08\/Flyer-Mannis-Fussballschule-e1502723273531-256x300.jpg 256w, https:\/\/www.fsv-stadeln.de\/wp-content\/uploads\/2017\/08\/Flyer-Mannis-Fussballschule-e1502723273531.jpg 691w\" sizes=\"auto, (max-width: 256px) 100vw, 256px\" \/>r Urlaub schon vorbei?<\/p>\n<p>Dann kommt mit Euren Kids vom 4. bis einschlie\u00dflich 8. September auf das FSV-Gel\u00e4nde (Am Kronacher Wald 2, 90765 F\u00fcrth)! Dort veranstaltet Manfred Dedaj, Inhaber von &#8222;Manni`s Fu\u00dfballzentrum&#8220; und Trainer unserer 1. Mannschaft, ein Fu\u00dfballferiencamp!<\/p>\n<p>Herzlich willkommen sind Jungs und M\u00e4dels zwischen f\u00fcnf und 14 Jahren.<\/p>\n<p>Pl\u00e4tze sind noch verf\u00fcgbar!\u00a0N\u00e4here Informationen zu den Zeiten und zur Anmeldung erfahrt ihr entweder auf <a href=\"http:\/\/mannis-fussballzentrum.de\">http:\/\/mannis-fussballzentrum.de<\/a>\u00a0oder telefonisch direkt bei Manfred Dedaj unter\u00a00172\/1401779.<\/p>\n<p>&nbsp;<\/p>\n<p>Viel Spa\u00df und sportliche Gr\u00fc\u00dfe!<\/p>\n<p>&nbsp;<\/p>\n","protected":false},"excerpt":{"rendered":"<p>Liebe Eltern, liebe Kinder, die Sommerferien sind lang! Der Urlaub schon vorbei? Dann kommt mit Euren Kids vom 4. bis einschlie\u00dflich 8. September auf das FSV-Gel\u00e4nde (Am Kronacher Wald 2, 90765 F\u00fcrth)! Dort veranstaltet Manfred Dedaj, Inhaber von &#8222;Manni`s Fu\u00dfballzentrum&#8220; und Trainer unserer 1. Mannschaft, ein Fu\u00dfballferiencamp! Herzlich willkommen sind Jungs und M\u00e4dels zwischen f\u00fcnf und 14 Jahren. Pl\u00e4tze sind [&hellip;]<\/p>\n","protected":false},"author":10,"featured_media":0,"comment_status":"closed","ping_status":"open","sticky":false,"template":"","format":"standard","meta":{"_monsterinsights_skip_tracking":false,"_monsterinsights_sitenote_active":false,"_monsterinsights_sitenote_note":"","_monsterinsights_sitenote_category":0,"footnotes":""},"categories":[1,4],"tags":[],"class_list":["post-1942","post","type-post","status-publish","format-standard","hentry","category-allgemein","category-verein"],"aioseo_notices":[],"_links":{"self":[{"href":"https:\/\/www.fsv-stadeln.de\/index.php?rest_route=\/wp\/v2\/posts\/1942","targetHints":{"allow":["GET"]}}],"collection":[{"href":"https:\/\/www.fsv-stadeln.de\/index.php?rest_route=\/wp\/v2\/posts"}],"about":[{"href":"https:\/\/www.fsv-stadeln.de\/index.php?rest_route=\/wp\/v2\/types\/post"}],"author":[{"embeddable":true,"href":"https:\/\/www.fsv-stadeln.de\/index.php?rest_route=\/wp\/v2\/users\/10"}],"replies":[{"embeddable":true,"href":"https:\/\/www.fsv-stadeln.de\/index.php?rest_route=%2Fwp%2Fv2%2Fcomments&post=1942"}],"version-history":[{"count":7,"href":"https:\/\/www.fsv-stadeln.de\/index.php?rest_route=\/wp\/v2\/posts\/1942\/revisions"}],"predecessor-version":[{"id":1951,"href":"https:\/\/www.fsv-stadeln.de\/index.php?rest_route=\/wp\/v2\/posts\/1942\/revisions\/1951"}],"wp:attachment":[{"href":"https:\/\/www.fsv-stadeln.de\/index.php?rest_route=%2Fwp%2Fv2%2Fmedia&parent=1942"}],"wp:term":[{"taxonomy":"category","embeddable":true,"href":"https:\/\/www.fsv-stadeln.de\/index.php?rest_route=%2Fwp%2Fv2%2Fcategories&post=1942"},{"taxonomy":"post_tag","embeddable":true,"href":"https:\/\/www.fsv-stadeln.de\/index.php?rest_route=%2Fwp%2Fv2%2Ftags&post=1942"}],"curies":[{"name":"wp","href":"https:\/\/api.w.org\/{rel}","templated":true}]}}