{"id":1938,"date":"2017-08-14T16:45:09","date_gmt":"2017-08-14T14:45:09","guid":{"rendered":"http:\/\/www.fsv-stadeln.de\/?p=1938"},"modified":"2017-08-14T16:45:09","modified_gmt":"2017-08-14T14:45:09","slug":"5-spieltag-tv-48-erlangen-fsv-stadeln","status":"publish","type":"post","link":"https:\/\/www.fsv-stadeln.de\/?p=1938","title":{"rendered":"5. Spieltag: TV 48 Erlangen &#8211; FSV Stadeln"},"content":{"rendered":"<p>Liebe Fans,<\/p>\n<p>zu erst m\u00f6chten wir uns bei allen bedanken, die uns am vergangenen Freitag trotz miserablen Wetters so zahlreich und lautstark unterst\u00fctzt haben! So macht es Spa\u00df!<\/p>\n<p>Der Blick ist aber schon wieder nach vorne gerichtet. Am kommenden <strong>Mittwoch, den 16. August um 18:30 Uhr<\/strong> wartet der TV 48 Erlangen auf uns. Die 48er konnten am Wochenende ihren ersten Sieg der Saison einfahren und haben somit die Abstiegsr\u00e4nge verlassen. 2:1 siegte man bei T\u00fcrkspor N\u00fcrnberg, die zuvor eine wei\u00dfe Weste hatten. Das sollte Warnung genug sein f\u00fcr unsere &#8222;Erste&#8220;.<\/p>\n<p>Der FSV wiederum konnte am Freitag nach zuletzt zwei sieglosen Partien wieder einen Dreier einfahren. Um den Abstand nach oben nicht gr\u00f6\u00dfer werden zu lassen, muss die Mannschaft um ihren zuletzt zweifach erfolgreichen Captain Tobias W\u00f6lfel nachlegen!<\/p>\n<p>Personell muss Coach Manni Dedaj wohl rotieren. Gerhard Strobel verweilt noch im Urlaub. Roman Mersch, Sven Reischel und Markus Bauer fallen verletzt aus. Ganz bittere Nachrichten&#8230;<\/p>\n<p>Umso wichtiger werden die Fans! Die Mannschaft und der gesamte FSV freuen sich auf Euch!<\/p>\n<p>&nbsp;<\/p>\n<p>Spielort: Kosbacher Weg 75, 91056 Erlangen<\/p>\n","protected":false},"excerpt":{"rendered":"<p>Liebe Fans, zu erst m\u00f6chten wir uns bei allen bedanken, die uns am vergangenen Freitag trotz miserablen Wetters so zahlreich und lautstark unterst\u00fctzt haben! So macht es Spa\u00df! Der Blick ist aber schon wieder nach vorne gerichtet. Am kommenden Mittwoch, den 16. August um 18:30 Uhr wartet der TV 48 Erlangen auf uns. Die 48er konnten am Wochenende ihren ersten [&hellip;]<\/p>\n","protected":false},"author":10,"featured_media":1939,"comment_status":"closed","ping_status":"open","sticky":false,"template":"","format":"standard","meta":{"_monsterinsights_skip_tracking":false,"_monsterinsights_sitenote_active":false,"_monsterinsights_sitenote_note":"","_monsterinsights_sitenote_category":0,"footnotes":""},"categories":[5],"tags":[],"class_list":["post-1938","post","type-post","status-publish","format-standard","has-post-thumbnail","hentry","category-fussball"],"aioseo_notices":[],"_links":{"self":[{"href":"https:\/\/www.fsv-stadeln.de\/index.php?rest_route=\/wp\/v2\/posts\/1938","targetHints":{"allow":["GET"]}}],"collection":[{"href":"https:\/\/www.fsv-stadeln.de\/index.php?rest_route=\/wp\/v2\/posts"}],"about":[{"href":"https:\/\/www.fsv-stadeln.de\/index.php?rest_route=\/wp\/v2\/types\/post"}],"author":[{"embeddable":true,"href":"https:\/\/www.fsv-stadeln.de\/index.php?rest_route=\/wp\/v2\/users\/10"}],"replies":[{"embeddable":true,"href":"https:\/\/www.fsv-stadeln.de\/index.php?rest_route=%2Fwp%2Fv2%2Fcomments&post=1938"}],"version-history":[{"count":2,"href":"https:\/\/www.fsv-stadeln.de\/index.php?rest_route=\/wp\/v2\/posts\/1938\/revisions"}],"predecessor-version":[{"id":1941,"href":"https:\/\/www.fsv-stadeln.de\/index.php?rest_route=\/wp\/v2\/posts\/1938\/revisions\/1941"}],"wp:featuredmedia":[{"embeddable":true,"href":"https:\/\/www.fsv-stadeln.de\/index.php?rest_route=\/wp\/v2\/media\/1939"}],"wp:attachment":[{"href":"https:\/\/www.fsv-stadeln.de\/index.php?rest_route=%2Fwp%2Fv2%2Fmedia&parent=1938"}],"wp:term":[{"taxonomy":"category","embeddable":true,"href":"https:\/\/www.fsv-stadeln.de\/index.php?rest_route=%2Fwp%2Fv2%2Fcategories&post=1938"},{"taxonomy":"post_tag","embeddable":true,"href":"https:\/\/www.fsv-stadeln.de\/index.php?rest_route=%2Fwp%2Fv2%2Ftags&post=1938"}],"curies":[{"name":"wp","href":"https:\/\/api.w.org\/{rel}","templated":true}]}}