{"id":1935,"date":"2017-08-12T10:13:38","date_gmt":"2017-08-12T08:13:38","guid":{"rendered":"http:\/\/www.fsv-stadeln.de\/?p=1935"},"modified":"2017-08-12T10:13:38","modified_gmt":"2017-08-12T08:13:38","slug":"4-spieltag-fsv-stadeln-sc-adelsdorf-20-20","status":"publish","type":"post","link":"https:\/\/www.fsv-stadeln.de\/?p=1935","title":{"rendered":"4. Spieltag: FSV Stadeln &#8211; SC Adelsdorf 2:0 (2:0)"},"content":{"rendered":"<p>Von Beginn an zeigte der FSV Stadeln, wer Herr im Haus ist. Spielerisch zeigten sich die Hausherren klar \u00fcberlegen und kontrollierten Ball und Gegner. Folgerichtig ging Stadeln auch bereits in der siebten Minute durch Kapit\u00e4n Tobias W\u00f6lfel in F\u00fchrung. Nach einem Eckball von Oliver Gra\u00dfler lie\u00dfen die G\u00e4ste den Abwehrchef str\u00e4flich alleine und dieser hatte keine M\u00fche, den Ball aus sechs Metern einzuk\u00f6pfen. F\u00fcnf Minuten sp\u00e4ter das erste offensive Ausrufezeichen von Adelsdorf.<\/p>\n<p><span class=\" wf_caption\"><img decoding=\"async\" src=\"https:\/\/cdn.fussballn.de\/images\/stories\/saison17-18\/BZL-Nord\/04-stadeln-adelsdorf\/jasmin-stark\/perlitz-gegen-t-lausen.jpg\" alt=\"Stadeln zeigte sich von Beginn an besser und tauchte immer wieder im Strafraum der G\u00e4ste auf. | Foto: Jasmin Stark\" width=\"750\" \/>Stadeln zeigte sich von Beginn an besser und tauchte immer wieder im Strafraum der G\u00e4ste auf. | Foto: Jasmin Stark<\/span><\/p>\n<p>Tim Lausen setzte im Mittelfeld zum Sololauf an und kam beg\u00fcnstigt durch Abstimmungsprobleme in der Stadelner Hintermannschaft zum Abschluss, der allerdings links am Tor vorbei ging. In Minute 18 folgte dann praktisch die exakte Kopie des 1:0, denn Ga\u00dfler trat zum Eckball an, W\u00f6lfel sprang im Zentrum am h\u00f6chsten und es stand 2:0. In der Folge hatte Stadeln weiterhin mehr Ballbesitz, nennenswerte Torchancen waren aber auf beiden Seiten lange nicht zu verzeichnen. Erst sechs Minuten vor der Halbzeit musste FSV-Keeper Krieger noch einmal eingreifen, als Sebastian Woelfel aus dem Gew\u00fchl heraus abschloss. So ging es mit der 2:0-F\u00fchrung f\u00fcr Stadeln in die Pause.<\/p>\n<p><span class=\" wf_caption\"><img decoding=\"async\" src=\"https:\/\/cdn.fussballn.de\/images\/stories\/saison17-18\/BZL-Nord\/04-stadeln-adelsdorf\/jasmin-stark\/2-0-woelfel.jpg\" alt=\"Tobias W\u00f6lfel zeigte sich in exakt derselben Manier f\u00fcr beide Stadelner Treffer verantwortlich. | Foto: Jasmin Stark\" width=\"750\" \/>Tobias W\u00f6lfel zeigte sich in exakt derselben Manier f\u00fcr beide Stadelner Treffer verantwortlich. | Foto: Jasmin Stark<\/span><\/p>\n<p>Auch in H\u00e4lfte zwei starteten die Stadelner besser und h\u00e4tten gut und gerne noch erh\u00f6hen k\u00f6nnen, doch die Chancen blieben ungenutzt. Die beste vergab dabei Tim Reischl auf Zuspiel seines Bruders Tim in der 50. Minute. Doch auch Adelsdorf hatte Gelegenheiten, noch einmal Spannung aufkommen zu lassen, jedoch fehlte oft der ber\u00fchmte letzte Pass und als FSV-Keeper Krieger etwas zu beherzt gegen Zecho zu Werke ging, verlegte Schiedsrichter Lorenz den Tatort au\u00dferhalb des Strafraum (53.). Vier Minuten sp\u00e4ter vert\u00e4ndelte Tobias W\u00f6lfel den Ball im eigenen Spielaufbau und hatte Gl\u00fcck, dass der Unparteiische auf Foul entschied.<\/p>\n<p><span class=\" wf_caption\"><img decoding=\"async\" src=\"https:\/\/cdn.fussballn.de\/images\/stories\/saison17-18\/BZL-Nord\/04-stadeln-adelsdorf\/jasmin-stark\/foul-schaab.jpg\" alt=\"In der zweiten H\u00e4lfte waren sch\u00f6ne Spielz\u00fcge nur noch eine Seltenheit, stattdessen h\u00e4uften sich kleine Nickligkeiten. | Foto: Jasmin Stark\" width=\"750\" \/>In der zweiten H\u00e4lfte waren sch\u00f6ne Spielz\u00fcge nur noch eine Seltenheit, stattdessen h\u00e4uften sich kleine Nickligkeiten. | Foto: Jasmin Stark<\/span><\/p>\n<p>Im weiteren Verlauf verflachte das Spiel etwas. Felix Lausen und Kevin Kreuzer mussten jeweils wegen wiederholten Foulspiels mit Gelb-Rot vorzeitig vom Platz, sodass das Spiel mit 10 gegen 10 endete. Die beste Chance auf einen weiteren Treffer vergab schlie\u00dflich Schaab auf Stadelner Seite, als er in der 86. Minute vom Elfmeterpunkt an Markus Eckert scheiterte, der zuvor Sven Reischl von den Beinen geholt hatte. So blieb es letztlich beim verdienten 2:0-Heimsieg f\u00fcr den FSV. Kleiner Wermutstropfen auf Stadelner Seite: Sven Reischel zog sich eine B\u00e4nderverletzung zu und wird seinem Team in den kommenden Wochen nicht zur Verf\u00fcgung stehen. <em>(Bericht: fussballn.de)<\/em><\/p>\n","protected":false},"excerpt":{"rendered":"<p>Von Beginn an zeigte der FSV Stadeln, wer Herr im Haus ist. Spielerisch zeigten sich die Hausherren klar \u00fcberlegen und kontrollierten Ball und Gegner. Folgerichtig ging Stadeln auch bereits in der siebten Minute durch Kapit\u00e4n Tobias W\u00f6lfel in F\u00fchrung. Nach einem Eckball von Oliver Gra\u00dfler lie\u00dfen die G\u00e4ste den Abwehrchef str\u00e4flich alleine und dieser hatte keine M\u00fche, den Ball aus [&hellip;]<\/p>\n","protected":false},"author":10,"featured_media":1892,"comment_status":"closed","ping_status":"open","sticky":false,"template":"","format":"standard","meta":{"_monsterinsights_skip_tracking":false,"_monsterinsights_sitenote_active":false,"_monsterinsights_sitenote_note":"","_monsterinsights_sitenote_category":0,"footnotes":""},"categories":[5],"tags":[],"class_list":["post-1935","post","type-post","status-publish","format-standard","has-post-thumbnail","hentry","category-fussball"],"aioseo_notices":[],"_links":{"self":[{"href":"https:\/\/www.fsv-stadeln.de\/index.php?rest_route=\/wp\/v2\/posts\/1935","targetHints":{"allow":["GET"]}}],"collection":[{"href":"https:\/\/www.fsv-stadeln.de\/index.php?rest_route=\/wp\/v2\/posts"}],"about":[{"href":"https:\/\/www.fsv-stadeln.de\/index.php?rest_route=\/wp\/v2\/types\/post"}],"author":[{"embeddable":true,"href":"https:\/\/www.fsv-stadeln.de\/index.php?rest_route=\/wp\/v2\/users\/10"}],"replies":[{"embeddable":true,"href":"https:\/\/www.fsv-stadeln.de\/index.php?rest_route=%2Fwp%2Fv2%2Fcomments&post=1935"}],"version-history":[{"count":1,"href":"https:\/\/www.fsv-stadeln.de\/index.php?rest_route=\/wp\/v2\/posts\/1935\/revisions"}],"predecessor-version":[{"id":1936,"href":"https:\/\/www.fsv-stadeln.de\/index.php?rest_route=\/wp\/v2\/posts\/1935\/revisions\/1936"}],"wp:featuredmedia":[{"embeddable":true,"href":"https:\/\/www.fsv-stadeln.de\/index.php?rest_route=\/wp\/v2\/media\/1892"}],"wp:attachment":[{"href":"https:\/\/www.fsv-stadeln.de\/index.php?rest_route=%2Fwp%2Fv2%2Fmedia&parent=1935"}],"wp:term":[{"taxonomy":"category","embeddable":true,"href":"https:\/\/www.fsv-stadeln.de\/index.php?rest_route=%2Fwp%2Fv2%2Fcategories&post=1935"},{"taxonomy":"post_tag","embeddable":true,"href":"https:\/\/www.fsv-stadeln.de\/index.php?rest_route=%2Fwp%2Fv2%2Ftags&post=1935"}],"curies":[{"name":"wp","href":"https:\/\/api.w.org\/{rel}","templated":true}]}}