{"id":1911,"date":"2017-08-10T10:44:25","date_gmt":"2017-08-10T08:44:25","guid":{"rendered":"http:\/\/www.fsv-stadeln.de\/?p=1911"},"modified":"2017-08-10T10:56:33","modified_gmt":"2017-08-10T08:56:33","slug":"4-spieltag-fsv-stadeln-sc-adelsdorf","status":"publish","type":"post","link":"https:\/\/www.fsv-stadeln.de\/?p=1911","title":{"rendered":"4. Spieltag: FSV Stadeln &#8211; SC Adelsdorf"},"content":{"rendered":"<p>Liebe FSV`ler,<\/p>\n<p>Heimspiel Nummer 2 steht vor der T\u00fcr! Nach der bis dato etwas mageren Ausbeute von vier Punkten aus drei Spielen ist es Zeit f\u00fcr einen Dreier. Gemeinsam mit unseren Fans!<\/p>\n<p>Der Gegner am morgigen Freitag hei\u00dft SC Adelsdorf. Dabei kommt es zum Wiedersehen mit unseren ehemaligen Spielern Heiko Pfeifer und Florian Gr\u00e4f, die als spielendes Trainerduo seit Saisonbeginn das Sagen beim Liganeuling haben. Auf Stadelner Seite trifft Coach Manni Dedaj auf alte Bekannte. Er war es, der den SCA vergangene Saison in die Bezirksliga f\u00fchrte.<\/p>\n<p>&#8222;Die Zeit in Adelsdorf war sehr sch\u00f6n, vor allem mit dem Aufstieg&#8220;, sagt Dedaj und wei\u00df, dass es &#8222;nach au\u00dfen hin nat\u00fcrlich ein besonderes Spiel&#8220; ist. Er selbst l\u00e4sst das aber nicht an sich heran. &#8222;Jetzt z\u00e4hlt zu 1000 Prozent der FSV Stadeln. Am Freitag ist die Adelsdorfer Vergangenheit komplett ausgeblendet.&#8220; Es gehe darum, sch\u00f6neren Fu\u00dfball als bisher zu spielen und Punkte zu holen. &#8222;Da ist mir egal, gegen wen wir spielen.&#8220;<\/p>\n<p>Verzichten muss Dedaj auf die verletzten Florian Nemetz und Roman Mersch. Au\u00dferdem fehlen die Urlauber Gerhard Strobel und Aljoscha Schnierstein, Ersatzkeeper Lukas Marx fehlt arbeitsbedingt.<\/p>\n<p>Als das &#8222;Highlight der Saison&#8220; bezeichnet G\u00e4stetrainer Heiko Pfeifer das Spiel gegen sein ehemaliges Team. &#8222;F\u00fcr Flo und mich ist das nat\u00fcrlich etwas besonderes, das motiviert einen zus\u00e4tzlich&#8220;, gibt er zu und freut sich vor allem auf &#8222;viele Freunde und nette Menschen&#8220;.<\/p>\n<div id=\"attachment_1912\" style=\"width: 382px\" class=\"wp-caption alignleft\"><img loading=\"lazy\" decoding=\"async\" aria-describedby=\"caption-attachment-1912\" class=\"wp-image-1912\" src=\"http:\/\/www.fsv-stadeln.de\/wp-content\/uploads\/2017\/08\/Image-1-300x200.jpg\" alt=\"\" width=\"372\" height=\"248\" srcset=\"https:\/\/www.fsv-stadeln.de\/wp-content\/uploads\/2017\/08\/Image-1-300x200.jpg 300w, https:\/\/www.fsv-stadeln.de\/wp-content\/uploads\/2017\/08\/Image-1-768x512.jpg 768w, https:\/\/www.fsv-stadeln.de\/wp-content\/uploads\/2017\/08\/Image-1.jpg 1024w\" sizes=\"auto, (max-width: 372px) 100vw, 372px\" \/><p id=\"caption-attachment-1912\" class=\"wp-caption-text\">Gut gelauntes Adelsdorfer Trainerduo: Heiko Pfeifer und Florian Gr\u00e4f<\/p><\/div>\n<p>Sportlich gesehen sind Gr\u00e4f und Pfeifer mit dem Start in Adelsdorf &#8222;angesichts der Punktausbeute und des Verletzungspechs gar nicht zufrieden&#8220;(Anm.:1 Punkt nach drei Spielen, Tabellenplatz 15). &#8222;Die Leistungen im Training und auch in den Spielen haben aber gestimmt. Wir f\u00fchlen uns wohl. Die Zusammenarbeit mit der Mannschaft und dem Umfeld ist super&#8220;, zeigt sich Pfeifer positiv und schielt deshalb auch am Freitag auf die 3 Punkte. &#8222;Das muss gegen jeden Gegner das Ziel sein. Wir wissen aber auch: Stadeln ist klarer Favorit. Und die Zuschauer werden uns dieses Mal auch eher nicht anfeuern&#8220;, meint er augenzwinkernd. Aber auch das geh\u00f6re zu Stadeln.<\/p>\n<p>Eine gewisse Brisanz, im positiven Sinne, bietet das Spiel also, die Vorzeichen f\u00fcr ein interessantes Aufeinandertreffen stehen gut!<\/p>\n<p>Wir freuen uns auf Euch! Gemeinsam zum Sieg!<\/p>\n<p><strong>Ansto\u00df ist am Freitag, 11.08. um 18:45 Uhr an der Stadelner Waldsportanlage!<\/strong><\/p>\n<p>&nbsp;<\/p>\n<p>&nbsp;<\/p>\n<p>&nbsp;<\/p>\n<p>&nbsp;<\/p>\n<p>&nbsp;<\/p>\n<p>&nbsp;<\/p>\n<p>&nbsp;<\/p>\n<p>&nbsp;<\/p>\n<p>&nbsp;<\/p>\n<p>&nbsp;<\/p>\n<p>&nbsp;<\/p>\n","protected":false},"excerpt":{"rendered":"<p>Liebe FSV`ler, Heimspiel Nummer 2 steht vor der T\u00fcr! Nach der bis dato etwas mageren Ausbeute von vier Punkten aus drei Spielen ist es Zeit f\u00fcr einen Dreier. Gemeinsam mit unseren Fans! Der Gegner am morgigen Freitag hei\u00dft SC Adelsdorf. Dabei kommt es zum Wiedersehen mit unseren ehemaligen Spielern Heiko Pfeifer und Florian Gr\u00e4f, die als spielendes Trainerduo seit Saisonbeginn [&hellip;]<\/p>\n","protected":false},"author":10,"featured_media":1913,"comment_status":"closed","ping_status":"open","sticky":false,"template":"","format":"standard","meta":{"_monsterinsights_skip_tracking":false,"_monsterinsights_sitenote_active":false,"_monsterinsights_sitenote_note":"","_monsterinsights_sitenote_category":0,"footnotes":""},"categories":[5],"tags":[],"class_list":["post-1911","post","type-post","status-publish","format-standard","has-post-thumbnail","hentry","category-fussball"],"aioseo_notices":[],"_links":{"self":[{"href":"https:\/\/www.fsv-stadeln.de\/index.php?rest_route=\/wp\/v2\/posts\/1911","targetHints":{"allow":["GET"]}}],"collection":[{"href":"https:\/\/www.fsv-stadeln.de\/index.php?rest_route=\/wp\/v2\/posts"}],"about":[{"href":"https:\/\/www.fsv-stadeln.de\/index.php?rest_route=\/wp\/v2\/types\/post"}],"author":[{"embeddable":true,"href":"https:\/\/www.fsv-stadeln.de\/index.php?rest_route=\/wp\/v2\/users\/10"}],"replies":[{"embeddable":true,"href":"https:\/\/www.fsv-stadeln.de\/index.php?rest_route=%2Fwp%2Fv2%2Fcomments&post=1911"}],"version-history":[{"count":5,"href":"https:\/\/www.fsv-stadeln.de\/index.php?rest_route=\/wp\/v2\/posts\/1911\/revisions"}],"predecessor-version":[{"id":1918,"href":"https:\/\/www.fsv-stadeln.de\/index.php?rest_route=\/wp\/v2\/posts\/1911\/revisions\/1918"}],"wp:featuredmedia":[{"embeddable":true,"href":"https:\/\/www.fsv-stadeln.de\/index.php?rest_route=\/wp\/v2\/media\/1913"}],"wp:attachment":[{"href":"https:\/\/www.fsv-stadeln.de\/index.php?rest_route=%2Fwp%2Fv2%2Fmedia&parent=1911"}],"wp:term":[{"taxonomy":"category","embeddable":true,"href":"https:\/\/www.fsv-stadeln.de\/index.php?rest_route=%2Fwp%2Fv2%2Fcategories&post=1911"},{"taxonomy":"post_tag","embeddable":true,"href":"https:\/\/www.fsv-stadeln.de\/index.php?rest_route=%2Fwp%2Fv2%2Ftags&post=1911"}],"curies":[{"name":"wp","href":"https:\/\/api.w.org\/{rel}","templated":true}]}}