{"id":1906,"date":"2017-08-07T10:16:43","date_gmt":"2017-08-07T08:16:43","guid":{"rendered":"http:\/\/www.fsv-stadeln.de\/?p=1906"},"modified":"2017-08-07T10:16:43","modified_gmt":"2017-08-07T08:16:43","slug":"3-spieltag-asv-weisendorf-fsv-stadeln-40-20","status":"publish","type":"post","link":"https:\/\/www.fsv-stadeln.de\/?p=1906","title":{"rendered":"3. Spieltag: ASV Weisendorf &#8211; FSV Stadeln 4:0 (2:0)"},"content":{"rendered":"<p>Bittere Ausw\u00e4rtsfahrt nach Weisendorf! Am 3. Spieltag setzt es die erste Niederlage in der diesj\u00e4hrigen Bezirksligasaison, und dann gleich eine der \u00fcblen Sorte. Mit 4:0 schicken die Weisendorfer den FSV wieder nach Hause.<\/p>\n<p>Dabei hat es in der ersten halben Stunde nicht danach ausgesehen. Der FSV war spielbestimmend und versuchte, sein Spiel durchzudr\u00fccken. Die ganz gro\u00dfen Chancen blieben jedoch aus. In der 32. Minute ging es dann schnell: dem FSV gelang es nicht, einen Konter, der am gegnerischen Strafraum begann, zu unterbinden. Der gut vorgetragene Angriff des ASV Weisendorf wurde letztlich so gef\u00e4hrlich, dass Tim Reischl seinen Gegenspieler im Sechzehner von den Beinen holte. Der Strafsto\u00df f\u00fchrte zum 0:1 aus Stadelner Sicht.<\/p>\n<p>Nur zwei Minuten sp\u00e4ter gab man eine bis dahin ordentliche Halbzeit endg\u00fcltig aus der Hand, als man einen Flachpass vor das FSV-Tor nicht verhindern konnte und die Heimmannschaft aus kurzer Distanz auf 2:0 erh\u00f6hte.<\/p>\n<p>In der zweiten Halbzeit versuchte auch der Trainer nochmal alles. Mit Christopher Schaab und Angelo Walthier brachte er zwei offensive Akteure. Die Stadelner blieben in der Folge bem\u00fcht und waren durchaus spielbestimmend. Doch wieder war es der ASV, der das Tor machte. Bei einem Freisto\u00df aus dem Halbfeld schlief die FSV-Defensive, so dass der Weisendorfer Julian Hendel keine M\u00fche hatte, auf 3:0 zu erh\u00f6hen. Ein weitere Konter zum 4:0 besiegelte die Niederlage endg\u00fcltig.<\/p>\n<p>Durch etliche Fehler und zu wenige zwingende Torgelegenheiten geht die Niederlage letztendlich in Ordnung, f\u00e4llt aber deutlich zu hoch aus. Mit vier Punkten nach drei Spielen steht der FSV auf dem neunten Tabellenplatz.<\/p>\n<p>Das Positive: Schon am Freitag (11.8., 18:45 Uhr) ist Wiedergutmachung angesagt! Dann gastiert der SC Adelsdorf an der Stadelner Waldsportanlage. Ganz besonders freuen wir uns auf die beiden Ex-FSVler Heiko Pfeifer und Florian Gr\u00e4f, die seit dieser Saison das Sagen beim Aufsteiger haben.<\/p>\n<p>In diesem Sinne: Sportliche Gr\u00fc\u00dfe und bis Freitag!<\/p>\n<p>&nbsp;<\/p>\n","protected":false},"excerpt":{"rendered":"<p>Bittere Ausw\u00e4rtsfahrt nach Weisendorf! Am 3. Spieltag setzt es die erste Niederlage in der diesj\u00e4hrigen Bezirksligasaison, und dann gleich eine der \u00fcblen Sorte. Mit 4:0 schicken die Weisendorfer den FSV wieder nach Hause. Dabei hat es in der ersten halben Stunde nicht danach ausgesehen. Der FSV war spielbestimmend und versuchte, sein Spiel durchzudr\u00fccken. Die ganz gro\u00dfen Chancen blieben jedoch aus. [&hellip;]<\/p>\n","protected":false},"author":10,"featured_media":1892,"comment_status":"closed","ping_status":"open","sticky":false,"template":"","format":"standard","meta":{"_monsterinsights_skip_tracking":false,"_monsterinsights_sitenote_active":false,"_monsterinsights_sitenote_note":"","_monsterinsights_sitenote_category":0,"footnotes":""},"categories":[5],"tags":[],"class_list":["post-1906","post","type-post","status-publish","format-standard","has-post-thumbnail","hentry","category-fussball"],"aioseo_notices":[],"_links":{"self":[{"href":"https:\/\/www.fsv-stadeln.de\/index.php?rest_route=\/wp\/v2\/posts\/1906","targetHints":{"allow":["GET"]}}],"collection":[{"href":"https:\/\/www.fsv-stadeln.de\/index.php?rest_route=\/wp\/v2\/posts"}],"about":[{"href":"https:\/\/www.fsv-stadeln.de\/index.php?rest_route=\/wp\/v2\/types\/post"}],"author":[{"embeddable":true,"href":"https:\/\/www.fsv-stadeln.de\/index.php?rest_route=\/wp\/v2\/users\/10"}],"replies":[{"embeddable":true,"href":"https:\/\/www.fsv-stadeln.de\/index.php?rest_route=%2Fwp%2Fv2%2Fcomments&post=1906"}],"version-history":[{"count":1,"href":"https:\/\/www.fsv-stadeln.de\/index.php?rest_route=\/wp\/v2\/posts\/1906\/revisions"}],"predecessor-version":[{"id":1907,"href":"https:\/\/www.fsv-stadeln.de\/index.php?rest_route=\/wp\/v2\/posts\/1906\/revisions\/1907"}],"wp:featuredmedia":[{"embeddable":true,"href":"https:\/\/www.fsv-stadeln.de\/index.php?rest_route=\/wp\/v2\/media\/1892"}],"wp:attachment":[{"href":"https:\/\/www.fsv-stadeln.de\/index.php?rest_route=%2Fwp%2Fv2%2Fmedia&parent=1906"}],"wp:term":[{"taxonomy":"category","embeddable":true,"href":"https:\/\/www.fsv-stadeln.de\/index.php?rest_route=%2Fwp%2Fv2%2Fcategories&post=1906"},{"taxonomy":"post_tag","embeddable":true,"href":"https:\/\/www.fsv-stadeln.de\/index.php?rest_route=%2Fwp%2Fv2%2Ftags&post=1906"}],"curies":[{"name":"wp","href":"https:\/\/api.w.org\/{rel}","templated":true}]}}