{"id":1901,"date":"2017-08-04T15:23:22","date_gmt":"2017-08-04T13:23:22","guid":{"rendered":"http:\/\/www.fsv-stadeln.de\/?p=1901"},"modified":"2017-08-04T15:23:22","modified_gmt":"2017-08-04T13:23:22","slug":"3-spieltag-asv-weisendorf-fsv-stadeln","status":"publish","type":"post","link":"https:\/\/www.fsv-stadeln.de\/?p=1901","title":{"rendered":"3. Spieltag: ASV Weisendorf &#8211; FSV Stadeln"},"content":{"rendered":"<p>Liebe Fans!<\/p>\n<p>Zeit zum Durchatmen gibt es nicht in englischen Wochen.<\/p>\n<p>Dennoch werfen wir einen kurzen Blick zur\u00fcck auf vergangenen Mittwoch. Die 1. Mannschaft holte gegen die Bayern Kickers nach einem 1:1-Unentschieden einen Punkt. Nach dem fr\u00fchen R\u00fcckstand in der dritten Minute fans das Team nie wirklich zu seinem Spiel und konnte kaum nennenswerte Torchancen kreieren. In der Folge ergab sich ein hitziges und kampfbetontes Spiel. In der zweiten Halbzeit entwickelte der FSV etwas mehr Druck auf das gegnerische Tor, richtig zwingend wurde es aber nie. \u00dcber eine Vorentscheidung der Kickers h\u00e4tte man sich nicht beschweren k\u00f6nnen.<\/p>\n<p>Umso bemerkenswerter war, dass das Team den Kampf angenommen hat und in der Schlussminute durch einen sauberen Spielzug zum Ausgleich kam. Der eingewechselte Walthier brachte Strobel mit einem sehenswerten Pass in Position. Dieser lie\u00df sich die Chance nicht nehmen und vollendete aus spitzem Winkel zum umjubelten 1:1.<\/p>\n<p>Die Konzentration gilt aber schon wieder dem n\u00e4chsten Gegner. Am <strong>Sonntag, 6. August um 15 Uhr<\/strong> wartet der <strong>ASV Weisendorf<\/strong>. Der Aufsteiger steht mit drei Punkten auf dem zehnten Tabellenplatz und ist somit passabel in die Saison gestartet.<\/p>\n<p>Der FSV hat mit vier Punkten nach zwei Spielen nicht das Optimum herausgeholt und kann somit f\u00fcr Sonntag nur ein Ziel haben: Die drei Punkte aus Weisendorf entf\u00fchren!!!<\/p>\n<p>Das geht nur mit Euch!\u00a0Wir freuen uns auf Euer Kommen!<\/p>\n<p>Bis Sonntag in Weisendorf<\/p>\n<p>&nbsp;<\/p>\n<p>Adresse: ASV Weisendorf, Reuther Weg 8 in 91085 Weisendorf<\/p>\n<p>&nbsp;<\/p>\n","protected":false},"excerpt":{"rendered":"<p>Liebe Fans! Zeit zum Durchatmen gibt es nicht in englischen Wochen. Dennoch werfen wir einen kurzen Blick zur\u00fcck auf vergangenen Mittwoch. Die 1. Mannschaft holte gegen die Bayern Kickers nach einem 1:1-Unentschieden einen Punkt. Nach dem fr\u00fchen R\u00fcckstand in der dritten Minute fans das Team nie wirklich zu seinem Spiel und konnte kaum nennenswerte Torchancen kreieren. In der Folge ergab [&hellip;]<\/p>\n","protected":false},"author":10,"featured_media":1902,"comment_status":"closed","ping_status":"open","sticky":false,"template":"","format":"standard","meta":{"_monsterinsights_skip_tracking":false,"_monsterinsights_sitenote_active":false,"_monsterinsights_sitenote_note":"","_monsterinsights_sitenote_category":0,"footnotes":""},"categories":[5],"tags":[],"class_list":["post-1901","post","type-post","status-publish","format-standard","has-post-thumbnail","hentry","category-fussball"],"aioseo_notices":[],"_links":{"self":[{"href":"https:\/\/www.fsv-stadeln.de\/index.php?rest_route=\/wp\/v2\/posts\/1901","targetHints":{"allow":["GET"]}}],"collection":[{"href":"https:\/\/www.fsv-stadeln.de\/index.php?rest_route=\/wp\/v2\/posts"}],"about":[{"href":"https:\/\/www.fsv-stadeln.de\/index.php?rest_route=\/wp\/v2\/types\/post"}],"author":[{"embeddable":true,"href":"https:\/\/www.fsv-stadeln.de\/index.php?rest_route=\/wp\/v2\/users\/10"}],"replies":[{"embeddable":true,"href":"https:\/\/www.fsv-stadeln.de\/index.php?rest_route=%2Fwp%2Fv2%2Fcomments&post=1901"}],"version-history":[{"count":1,"href":"https:\/\/www.fsv-stadeln.de\/index.php?rest_route=\/wp\/v2\/posts\/1901\/revisions"}],"predecessor-version":[{"id":1903,"href":"https:\/\/www.fsv-stadeln.de\/index.php?rest_route=\/wp\/v2\/posts\/1901\/revisions\/1903"}],"wp:featuredmedia":[{"embeddable":true,"href":"https:\/\/www.fsv-stadeln.de\/index.php?rest_route=\/wp\/v2\/media\/1902"}],"wp:attachment":[{"href":"https:\/\/www.fsv-stadeln.de\/index.php?rest_route=%2Fwp%2Fv2%2Fmedia&parent=1901"}],"wp:term":[{"taxonomy":"category","embeddable":true,"href":"https:\/\/www.fsv-stadeln.de\/index.php?rest_route=%2Fwp%2Fv2%2Fcategories&post=1901"},{"taxonomy":"post_tag","embeddable":true,"href":"https:\/\/www.fsv-stadeln.de\/index.php?rest_route=%2Fwp%2Fv2%2Ftags&post=1901"}],"curies":[{"name":"wp","href":"https:\/\/api.w.org\/{rel}","templated":true}]}}