{"id":1894,"date":"2017-08-01T09:56:25","date_gmt":"2017-08-01T07:56:25","guid":{"rendered":"http:\/\/www.fsv-stadeln.de\/?p=1894"},"modified":"2017-08-01T09:56:25","modified_gmt":"2017-08-01T07:56:25","slug":"2-spieltag-fsv-stadeln-fc-bayern-kickers","status":"publish","type":"post","link":"https:\/\/www.fsv-stadeln.de\/?p=1894","title":{"rendered":"2. Spieltag: FSV Stadeln &#8211; FC Bayern Kickers"},"content":{"rendered":"<p>Die Euphorie ist gro\u00df nach dem Auftaktsieg vom vergangenen Sonntag! Doch sp\u00e4testens seit gestern ist der Blick schon wieder nach vorne gerichtet. Der 2. Spieltag steht vor der T\u00fcr!<\/p>\n<p><strong>Morgen um 18:30 Uhr<\/strong> empf\u00e4ngt die 1. Mannschaft den FC Bayern Kickers an der heimischen <strong>Waldsportanlage<\/strong>. Unser Gast reist mit einer bitteren Niederlage im Gep\u00e4ck nach Stadeln. Die Kickers kassierten am ersten Spiel eine Last-Minute-Niederlage gegen T\u00fcrkspor N\u00fcrnberg und verloren mit 0:1.<\/p>\n<p>Auf Stadelner Seite hat Trainer Manni Dedaj beim vergangenen Spiel &#8222;gute Ans\u00e4tze&#8220; gesehen, wei\u00df aber auch: &#8222;Wir m\u00fcssen und k\u00f6nnen uns auf jeden Fall noch steigern. F\u00fcr das erste Saisonspiel war es aber in Ordnung!&#8220;<\/p>\n<p>Nun gilt es, den Sieg zu best\u00e4tigen und die drei Punkte in Stadeln zu behalten. Vor allem m\u00f6chten wir Euch Fans den Fu\u00dfball bieten, den Ihr gerne seht: leidenschaftlich, offensiv und k\u00e4mpferisch!<\/p>\n<p>An dieser Stelle m\u00f6chten wir uns auch f\u00fcr Eure Unterst\u00fctzung beim ASV F\u00fcrth bedanken und hoffen auf ein \u00e4hnlich zahlreiches Erscheinen morgen Abend!<\/p>\n<p>Die Mannschaft und der gesamte FSV freuen sich auf Euch!<\/p>\n<p>Gemeinsam zum ersten Heimsieg!!!<\/p>\n<p>&nbsp;<\/p>\n<p>&nbsp;<\/p>\n<p>&nbsp;<\/p>\n","protected":false},"excerpt":{"rendered":"<p>Die Euphorie ist gro\u00df nach dem Auftaktsieg vom vergangenen Sonntag! Doch sp\u00e4testens seit gestern ist der Blick schon wieder nach vorne gerichtet. Der 2. Spieltag steht vor der T\u00fcr! Morgen um 18:30 Uhr empf\u00e4ngt die 1. Mannschaft den FC Bayern Kickers an der heimischen Waldsportanlage. Unser Gast reist mit einer bitteren Niederlage im Gep\u00e4ck nach Stadeln. Die Kickers kassierten am [&hellip;]<\/p>\n","protected":false},"author":10,"featured_media":1895,"comment_status":"closed","ping_status":"open","sticky":false,"template":"","format":"standard","meta":{"_monsterinsights_skip_tracking":false,"_monsterinsights_sitenote_active":false,"_monsterinsights_sitenote_note":"","_monsterinsights_sitenote_category":0,"footnotes":""},"categories":[5],"tags":[],"class_list":["post-1894","post","type-post","status-publish","format-standard","has-post-thumbnail","hentry","category-fussball"],"aioseo_notices":[],"_links":{"self":[{"href":"https:\/\/www.fsv-stadeln.de\/index.php?rest_route=\/wp\/v2\/posts\/1894","targetHints":{"allow":["GET"]}}],"collection":[{"href":"https:\/\/www.fsv-stadeln.de\/index.php?rest_route=\/wp\/v2\/posts"}],"about":[{"href":"https:\/\/www.fsv-stadeln.de\/index.php?rest_route=\/wp\/v2\/types\/post"}],"author":[{"embeddable":true,"href":"https:\/\/www.fsv-stadeln.de\/index.php?rest_route=\/wp\/v2\/users\/10"}],"replies":[{"embeddable":true,"href":"https:\/\/www.fsv-stadeln.de\/index.php?rest_route=%2Fwp%2Fv2%2Fcomments&post=1894"}],"version-history":[{"count":1,"href":"https:\/\/www.fsv-stadeln.de\/index.php?rest_route=\/wp\/v2\/posts\/1894\/revisions"}],"predecessor-version":[{"id":1896,"href":"https:\/\/www.fsv-stadeln.de\/index.php?rest_route=\/wp\/v2\/posts\/1894\/revisions\/1896"}],"wp:featuredmedia":[{"embeddable":true,"href":"https:\/\/www.fsv-stadeln.de\/index.php?rest_route=\/wp\/v2\/media\/1895"}],"wp:attachment":[{"href":"https:\/\/www.fsv-stadeln.de\/index.php?rest_route=%2Fwp%2Fv2%2Fmedia&parent=1894"}],"wp:term":[{"taxonomy":"category","embeddable":true,"href":"https:\/\/www.fsv-stadeln.de\/index.php?rest_route=%2Fwp%2Fv2%2Fcategories&post=1894"},{"taxonomy":"post_tag","embeddable":true,"href":"https:\/\/www.fsv-stadeln.de\/index.php?rest_route=%2Fwp%2Fv2%2Ftags&post=1894"}],"curies":[{"name":"wp","href":"https:\/\/api.w.org\/{rel}","templated":true}]}}