{"id":1854,"date":"2017-07-27T15:31:39","date_gmt":"2017-07-27T13:31:39","guid":{"rendered":"http:\/\/www.fsv-stadeln.de\/?p=1854"},"modified":"2017-07-27T15:31:39","modified_gmt":"2017-07-27T13:31:39","slug":"das-warten-hat-ein-ende-die-erste-vor-dem-saisonauftakt","status":"publish","type":"post","link":"https:\/\/www.fsv-stadeln.de\/?p=1854","title":{"rendered":"Das Warten hat ein Ende &#8211; die &#8222;Erste&#8220; vor dem Saisonauftakt"},"content":{"rendered":"<p>Liebe FSV`ler,<\/p>\n<p>das Warten hat ein Ende! Am kommenden Sonntag startet unsere 1. Mannschaft endlich in die neue Bezirksliga-Saison 2017\/2018.<\/p>\n<p>Das hei\u00dft auch, dass die intensive Vorbereitung ein Ende hat. In den letzten f\u00fcnf Wochen standen unsere Jungs bei 16 Trainingseinheiten, sechs Testspielen (drei Siege und drei Niederlagen) und einem Vorbereitungsturnier auf dem Platz. Respekt an dieser Stelle!<\/p>\n<p>Auch das j\u00e4hrliche Highlight des Sommers hat selbstverst\u00e4ndlich wieder stattgefunden. Im \u00f6sterreichischen Flachau haben sich die &#8222;Erste&#8220; und Teile der 2. Mannschaft vier Tage lang fu\u00dfballerisch bet\u00e4tigt und vor allem das Miteinander gest\u00e4rkt!\u00a0Unsere Neuzug\u00e4nge samt Trainer Manni Dedaj, die ihr \u00fcber Facebook hoffentlich ein bisschen kennenlernen konntet, haben sich in der FSV-Familie auch deshalb schnell zurechtgefunden und innerhalb der Truppe und des gesamten Vereins gut integriert. In Anbetracht der vielen Neuen ist das keine Selbstverst\u00e4ndlichkeit. Daf\u00fcr geb\u00fchrt allen Beteiligten ein gro\u00dfes Lob!<\/p>\n<p>Die im Gro\u00dfen und Ganzen erfolgreiche Vorbereitung wird allerdings von der schweren Verletzung von Florian Nemetz \u00fcberschattet. Flo zog sich beim Test gegen den FC Amberg 2 einen Kreuzbandriss zu und wird uns, Stand jetzt, die n\u00e4chsten acht Monate fehlen. Nochmals gute Besserung und schnelle Genesung!<\/p>\n<p>Bis auf Christopher Schaab, der in den Flitterwochen verweilt (Gl\u00fcckwunsch, Schaabi!), und Tobias Lennert, der nach seiner Knie-OP bereits auf einem guten Weg ist, steht der gesamte Kader zur Verf\u00fcgung.\u00a0Der Trainer kann somit nahezu aus dem Vollen sch\u00f6pfen und hat f\u00fcr Sonntag die Qual der Wahl!<\/p>\n<p>Die Vorzeichen stehen also gut, die Vorfreude steigt. Es geht endlich wieder um z\u00e4hlbares!\u00a0Jetzt liegt es an den Jungs!<\/p>\n<p>&nbsp;<\/p>\n<p>Anpfiff ist am kommenden\u00a0<strong>Sonntag, 30. Juli um 15 Uhr,\u00a0<\/strong>beim <strong>ASV F\u00fcrth <\/strong>(Magazinstr. 45 in F\u00fcrth)!<\/p>\n<p>Das Team, der Trainer und das Team hinter dem Team freuen sich \u00fcber jeden einzelnen Fan, der uns unterst\u00fctzt!<\/p>\n<p>Die Fans geben alles, das Team gibt alles!<\/p>\n<p>In diesem Sinne: Sportliche Gr\u00fc\u00dfe und bis Sonntag!<\/p>\n<p>Euer gesamter FSV Stadeln<\/p>\n<p>&nbsp;<\/p>\n<p>&nbsp;<\/p>\n","protected":false},"excerpt":{"rendered":"<p>Liebe FSV`ler, das Warten hat ein Ende! Am kommenden Sonntag startet unsere 1. Mannschaft endlich in die neue Bezirksliga-Saison 2017\/2018. Das hei\u00dft auch, dass die intensive Vorbereitung ein Ende hat. In den letzten f\u00fcnf Wochen standen unsere Jungs bei 16 Trainingseinheiten, sechs Testspielen (drei Siege und drei Niederlagen) und einem Vorbereitungsturnier auf dem Platz. Respekt an dieser Stelle! Auch das [&hellip;]<\/p>\n","protected":false},"author":10,"featured_media":1857,"comment_status":"closed","ping_status":"open","sticky":false,"template":"","format":"standard","meta":{"_monsterinsights_skip_tracking":false,"_monsterinsights_sitenote_active":false,"_monsterinsights_sitenote_note":"","_monsterinsights_sitenote_category":0,"footnotes":""},"categories":[5],"tags":[],"class_list":["post-1854","post","type-post","status-publish","format-standard","has-post-thumbnail","hentry","category-fussball"],"aioseo_notices":[],"_links":{"self":[{"href":"https:\/\/www.fsv-stadeln.de\/index.php?rest_route=\/wp\/v2\/posts\/1854","targetHints":{"allow":["GET"]}}],"collection":[{"href":"https:\/\/www.fsv-stadeln.de\/index.php?rest_route=\/wp\/v2\/posts"}],"about":[{"href":"https:\/\/www.fsv-stadeln.de\/index.php?rest_route=\/wp\/v2\/types\/post"}],"author":[{"embeddable":true,"href":"https:\/\/www.fsv-stadeln.de\/index.php?rest_route=\/wp\/v2\/users\/10"}],"replies":[{"embeddable":true,"href":"https:\/\/www.fsv-stadeln.de\/index.php?rest_route=%2Fwp%2Fv2%2Fcomments&post=1854"}],"version-history":[{"count":3,"href":"https:\/\/www.fsv-stadeln.de\/index.php?rest_route=\/wp\/v2\/posts\/1854\/revisions"}],"predecessor-version":[{"id":1858,"href":"https:\/\/www.fsv-stadeln.de\/index.php?rest_route=\/wp\/v2\/posts\/1854\/revisions\/1858"}],"wp:featuredmedia":[{"embeddable":true,"href":"https:\/\/www.fsv-stadeln.de\/index.php?rest_route=\/wp\/v2\/media\/1857"}],"wp:attachment":[{"href":"https:\/\/www.fsv-stadeln.de\/index.php?rest_route=%2Fwp%2Fv2%2Fmedia&parent=1854"}],"wp:term":[{"taxonomy":"category","embeddable":true,"href":"https:\/\/www.fsv-stadeln.de\/index.php?rest_route=%2Fwp%2Fv2%2Fcategories&post=1854"},{"taxonomy":"post_tag","embeddable":true,"href":"https:\/\/www.fsv-stadeln.de\/index.php?rest_route=%2Fwp%2Fv2%2Ftags&post=1854"}],"curies":[{"name":"wp","href":"https:\/\/api.w.org\/{rel}","templated":true}]}}