{"id":1799,"date":"2017-07-04T12:57:32","date_gmt":"2017-07-04T10:57:32","guid":{"rendered":"http:\/\/www.fsv-stadeln.de\/?p=1799"},"modified":"2017-07-04T12:57:32","modified_gmt":"2017-07-04T10:57:32","slug":"b-jugend-in-der-aufstiegsrelegation-zur-kreisliga","status":"publish","type":"post","link":"https:\/\/www.fsv-stadeln.de\/?p=1799","title":{"rendered":"B Jugend in der Aufstiegsrelegation zur Kreisliga"},"content":{"rendered":"<p>Hallo FSV-Fans,<\/p>\n<p>am kommenden Donnerstag, 6. Juli, bekommt unser B1-Jugend die Chance sich f\u00fcr ein weiteres Spiel zum Aufstieg in die Kreisliga zu qualifizieren. <\/p>\n<p>Nach einer \u00fcberaus erfolgreichen Saison in der Kreisklasse 2 mit 15 Siegen aus 18 Spielen (46 Punkte) und einem grandiosen Torverh\u00e4ltnis von 100:13 Toren fehlte nur ein Punkt auf den ersten Rang. Somit mussten sich unsere Jungs mit der Vizemeisterschaft zufrieden geben.<\/p>\n<p>In der Aufstiegsrelegation geht es am Donnerstag gegen die SpVgg Steinachgrund, die in der Kreisklasse 1 die Vizemeisterschaft holte.<br \/>\nDas Spiel findet um 19 Uhr auf der Sportanlage des TSV Langenzenn statt.<\/p>\n<p>Sollte unsere U17-Junioren dieses Spiel gewinnen so kann sie ein weiteres Aufstiegsspiel gegen den Kreisligist SG Wettringen\/Diebach\/Insingen bestreiten und damit den Aufstieg besiegeln. <\/p>\n<p>Liebe FSV Fans, wir z\u00e4hlen auf Euch ALLE! Unsere B-Junioren brauchen Euch. und Eure Unterst\u00fctzung.<br \/>\nDeshalb kommt alle mit nach Langenzenn und treibt unser Team zu H\u00f6chstleistungen an.<\/p>\n<p>Auf Euer Kommen freuen sich, das Team der B-Jugend sowie der Trainer- und Betreuerstab und die Jugendleitung des FSV Stadeln<\/p>\n","protected":false},"excerpt":{"rendered":"<p>Hallo FSV-Fans, am kommenden Donnerstag, 6. Juli, bekommt unser B1-Jugend die Chance sich f\u00fcr ein weiteres Spiel zum Aufstieg in die Kreisliga zu qualifizieren. Nach einer \u00fcberaus erfolgreichen Saison in der Kreisklasse 2 mit 15 Siegen aus 18 Spielen (46 Punkte) und einem grandiosen Torverh\u00e4ltnis von 100:13 Toren fehlte nur ein Punkt auf den ersten Rang. Somit mussten sich unsere [&hellip;]<\/p>\n","protected":false},"author":1,"featured_media":1801,"comment_status":"closed","ping_status":"open","sticky":false,"template":"","format":"standard","meta":{"_monsterinsights_skip_tracking":false,"_monsterinsights_sitenote_active":false,"_monsterinsights_sitenote_note":"","_monsterinsights_sitenote_category":0,"footnotes":""},"categories":[4],"tags":[],"class_list":["post-1799","post","type-post","status-publish","format-standard","has-post-thumbnail","hentry","category-verein"],"aioseo_notices":[],"_links":{"self":[{"href":"https:\/\/www.fsv-stadeln.de\/index.php?rest_route=\/wp\/v2\/posts\/1799","targetHints":{"allow":["GET"]}}],"collection":[{"href":"https:\/\/www.fsv-stadeln.de\/index.php?rest_route=\/wp\/v2\/posts"}],"about":[{"href":"https:\/\/www.fsv-stadeln.de\/index.php?rest_route=\/wp\/v2\/types\/post"}],"author":[{"embeddable":true,"href":"https:\/\/www.fsv-stadeln.de\/index.php?rest_route=\/wp\/v2\/users\/1"}],"replies":[{"embeddable":true,"href":"https:\/\/www.fsv-stadeln.de\/index.php?rest_route=%2Fwp%2Fv2%2Fcomments&post=1799"}],"version-history":[{"count":1,"href":"https:\/\/www.fsv-stadeln.de\/index.php?rest_route=\/wp\/v2\/posts\/1799\/revisions"}],"predecessor-version":[{"id":1800,"href":"https:\/\/www.fsv-stadeln.de\/index.php?rest_route=\/wp\/v2\/posts\/1799\/revisions\/1800"}],"wp:featuredmedia":[{"embeddable":true,"href":"https:\/\/www.fsv-stadeln.de\/index.php?rest_route=\/wp\/v2\/media\/1801"}],"wp:attachment":[{"href":"https:\/\/www.fsv-stadeln.de\/index.php?rest_route=%2Fwp%2Fv2%2Fmedia&parent=1799"}],"wp:term":[{"taxonomy":"category","embeddable":true,"href":"https:\/\/www.fsv-stadeln.de\/index.php?rest_route=%2Fwp%2Fv2%2Fcategories&post=1799"},{"taxonomy":"post_tag","embeddable":true,"href":"https:\/\/www.fsv-stadeln.de\/index.php?rest_route=%2Fwp%2Fv2%2Ftags&post=1799"}],"curies":[{"name":"wp","href":"https:\/\/api.w.org\/{rel}","templated":true}]}}