{"id":1778,"date":"2017-06-22T15:28:57","date_gmt":"2017-06-22T13:28:57","guid":{"rendered":"http:\/\/www.fsv-stadeln.de\/?p=1778"},"modified":"2017-06-22T15:28:57","modified_gmt":"2017-06-22T13:28:57","slug":"kein-jugendtraining-aufgrund-der-heissen-temperaturen","status":"publish","type":"post","link":"https:\/\/www.fsv-stadeln.de\/?p=1778","title":{"rendered":"Kein Jugendtraining aufgrund der hei\u00dfen Temperaturen\u00a0"},"content":{"rendered":"<p>Hallo Miteinander,nachdem die Hitzewelle heute Nachmittag wohl ihren H\u00f6hepunkt erreichen wird (bis zu 37 Grad!), haben wir uns entschlossen das gesamte Jugendtraining f\u00fcr<\/p>\n<p><b>heute, Donnerstag 22.06., abzusagen.<\/b><\/p>\n<p>Wir hoffen auf Euer Verst\u00e4ndnis im Sinne unserer Jugendspieler.<\/p>\n","protected":false},"excerpt":{"rendered":"<p>Hallo Miteinander,nachdem die Hitzewelle heute Nachmittag wohl ihren H\u00f6hepunkt erreichen wird (bis zu 37 Grad!), haben wir uns entschlossen das gesamte Jugendtraining f\u00fcr heute, Donnerstag 22.06., abzusagen. Wir hoffen auf Euer Verst\u00e4ndnis im Sinne unserer Jugendspieler.<\/p>\n","protected":false},"author":1,"featured_media":0,"comment_status":"closed","ping_status":"open","sticky":false,"template":"","format":"standard","meta":{"_monsterinsights_skip_tracking":false,"_monsterinsights_sitenote_active":false,"_monsterinsights_sitenote_note":"","_monsterinsights_sitenote_category":0,"footnotes":""},"categories":[16],"tags":[],"class_list":["post-1778","post","type-post","status-publish","format-standard","hentry","category-jugend"],"aioseo_notices":[],"_links":{"self":[{"href":"https:\/\/www.fsv-stadeln.de\/index.php?rest_route=\/wp\/v2\/posts\/1778","targetHints":{"allow":["GET"]}}],"collection":[{"href":"https:\/\/www.fsv-stadeln.de\/index.php?rest_route=\/wp\/v2\/posts"}],"about":[{"href":"https:\/\/www.fsv-stadeln.de\/index.php?rest_route=\/wp\/v2\/types\/post"}],"author":[{"embeddable":true,"href":"https:\/\/www.fsv-stadeln.de\/index.php?rest_route=\/wp\/v2\/users\/1"}],"replies":[{"embeddable":true,"href":"https:\/\/www.fsv-stadeln.de\/index.php?rest_route=%2Fwp%2Fv2%2Fcomments&post=1778"}],"version-history":[{"count":1,"href":"https:\/\/www.fsv-stadeln.de\/index.php?rest_route=\/wp\/v2\/posts\/1778\/revisions"}],"predecessor-version":[{"id":1779,"href":"https:\/\/www.fsv-stadeln.de\/index.php?rest_route=\/wp\/v2\/posts\/1778\/revisions\/1779"}],"wp:attachment":[{"href":"https:\/\/www.fsv-stadeln.de\/index.php?rest_route=%2Fwp%2Fv2%2Fmedia&parent=1778"}],"wp:term":[{"taxonomy":"category","embeddable":true,"href":"https:\/\/www.fsv-stadeln.de\/index.php?rest_route=%2Fwp%2Fv2%2Fcategories&post=1778"},{"taxonomy":"post_tag","embeddable":true,"href":"https:\/\/www.fsv-stadeln.de\/index.php?rest_route=%2Fwp%2Fv2%2Ftags&post=1778"}],"curies":[{"name":"wp","href":"https:\/\/api.w.org\/{rel}","templated":true}]}}