{"id":1646,"date":"2017-05-13T18:47:35","date_gmt":"2017-05-13T16:47:35","guid":{"rendered":"http:\/\/www.fsv-stadeln.de\/?p=1646"},"modified":"2017-05-13T18:47:35","modified_gmt":"2017-05-13T16:47:35","slug":"verabschiedungen-beim-letzten-heimspiel","status":"publish","type":"post","link":"https:\/\/www.fsv-stadeln.de\/?p=1646","title":{"rendered":"Verabschiedungen beim letzten Heimspiel"},"content":{"rendered":"<p>Am Ende der Saison verlassen den FSV: Thomas Reiser, Sven Riese, Tom Reichel, Heiko Pfeifer, Tadeus Brodatsch, Florian Gr\u00e4f, Maximilian Erk und Marcel Poetsch.<br \/>\nDie beiden Trainer werden ihre Trainert\u00e4tigkeit nach dieser Saison beenden. Die Spieler werden den FSV Stadeln nach dieser Saison leider verlassen. Wir w\u00fcnschen Euch allen viel Gl\u00fcck und alles Gute f\u00fcr die Zukunft und bedanken uns f\u00fcr die Zeit beim FSV Stadeln. Ihr seid in Stadeln immer gern gesehene G\u00e4ste.<\/p>\n<p><strong>Mannschaft und Spielleitung FSV Stadeln<\/strong><\/p>\n<p><img loading=\"lazy\" decoding=\"async\" class=\"alignnone size-full wp-image-1642\" src=\"http:\/\/www.fsv-stadeln.de\/wp-content\/uploads\/2017\/05\/Abschied_Riese_13052017-e1494693530486.jpg\" alt=\"\" width=\"3264\" height=\"2448\" srcset=\"https:\/\/www.fsv-stadeln.de\/wp-content\/uploads\/2017\/05\/Abschied_Riese_13052017-e1494693530486.jpg 3264w, https:\/\/www.fsv-stadeln.de\/wp-content\/uploads\/2017\/05\/Abschied_Riese_13052017-e1494693530486-300x225.jpg 300w, https:\/\/www.fsv-stadeln.de\/wp-content\/uploads\/2017\/05\/Abschied_Riese_13052017-e1494693530486-768x576.jpg 768w, https:\/\/www.fsv-stadeln.de\/wp-content\/uploads\/2017\/05\/Abschied_Riese_13052017-e1494693530486-1024x768.jpg 1024w\" sizes=\"auto, (max-width: 3264px) 100vw, 3264px\" \/><\/p>\n<p><img loading=\"lazy\" decoding=\"async\" class=\"alignnone size-full wp-image-1640\" src=\"http:\/\/www.fsv-stadeln.de\/wp-content\/uploads\/2017\/05\/Abschied_Graef_Pfeifer_13052017-e1494693485186.jpg\" alt=\"\" width=\"3264\" height=\"2448\" srcset=\"https:\/\/www.fsv-stadeln.de\/wp-content\/uploads\/2017\/05\/Abschied_Graef_Pfeifer_13052017-e1494693485186.jpg 3264w, https:\/\/www.fsv-stadeln.de\/wp-content\/uploads\/2017\/05\/Abschied_Graef_Pfeifer_13052017-e1494693485186-300x225.jpg 300w, https:\/\/www.fsv-stadeln.de\/wp-content\/uploads\/2017\/05\/Abschied_Graef_Pfeifer_13052017-e1494693485186-768x576.jpg 768w, https:\/\/www.fsv-stadeln.de\/wp-content\/uploads\/2017\/05\/Abschied_Graef_Pfeifer_13052017-e1494693485186-1024x768.jpg 1024w\" sizes=\"auto, (max-width: 3264px) 100vw, 3264px\" \/><\/p>\n<p><img loading=\"lazy\" decoding=\"async\" class=\"alignnone size-full wp-image-1641\" src=\"http:\/\/www.fsv-stadeln.de\/wp-content\/uploads\/2017\/05\/Abschied_Reichel_13052017-e1494693511155.jpg\" alt=\"\" width=\"3264\" height=\"2448\" srcset=\"https:\/\/www.fsv-stadeln.de\/wp-content\/uploads\/2017\/05\/Abschied_Reichel_13052017-e1494693511155.jpg 3264w, https:\/\/www.fsv-stadeln.de\/wp-content\/uploads\/2017\/05\/Abschied_Reichel_13052017-e1494693511155-300x225.jpg 300w, https:\/\/www.fsv-stadeln.de\/wp-content\/uploads\/2017\/05\/Abschied_Reichel_13052017-e1494693511155-768x576.jpg 768w, https:\/\/www.fsv-stadeln.de\/wp-content\/uploads\/2017\/05\/Abschied_Reichel_13052017-e1494693511155-1024x768.jpg 1024w\" sizes=\"auto, (max-width: 3264px) 100vw, 3264px\" \/><\/p>\n<p><img loading=\"lazy\" decoding=\"async\" class=\"alignnone size-full wp-image-1643\" src=\"http:\/\/www.fsv-stadeln.de\/wp-content\/uploads\/2017\/05\/Abschied_Teddi_13052017-e1494693553893.jpg\" alt=\"\" width=\"3264\" height=\"2448\" srcset=\"https:\/\/www.fsv-stadeln.de\/wp-content\/uploads\/2017\/05\/Abschied_Teddi_13052017-e1494693553893.jpg 3264w, https:\/\/www.fsv-stadeln.de\/wp-content\/uploads\/2017\/05\/Abschied_Teddi_13052017-e1494693553893-300x225.jpg 300w, https:\/\/www.fsv-stadeln.de\/wp-content\/uploads\/2017\/05\/Abschied_Teddi_13052017-e1494693553893-768x576.jpg 768w, https:\/\/www.fsv-stadeln.de\/wp-content\/uploads\/2017\/05\/Abschied_Teddi_13052017-e1494693553893-1024x768.jpg 1024w\" sizes=\"auto, (max-width: 3264px) 100vw, 3264px\" \/><\/p>\n<p><img loading=\"lazy\" decoding=\"async\" class=\"alignnone size-full wp-image-1644\" src=\"http:\/\/www.fsv-stadeln.de\/wp-content\/uploads\/2017\/05\/Abschied_Tek_13052017-e1494693574873.jpg\" alt=\"\" width=\"3264\" height=\"2448\" srcset=\"https:\/\/www.fsv-stadeln.de\/wp-content\/uploads\/2017\/05\/Abschied_Tek_13052017-e1494693574873.jpg 3264w, https:\/\/www.fsv-stadeln.de\/wp-content\/uploads\/2017\/05\/Abschied_Tek_13052017-e1494693574873-300x225.jpg 300w, https:\/\/www.fsv-stadeln.de\/wp-content\/uploads\/2017\/05\/Abschied_Tek_13052017-e1494693574873-768x576.jpg 768w, https:\/\/www.fsv-stadeln.de\/wp-content\/uploads\/2017\/05\/Abschied_Tek_13052017-e1494693574873-1024x768.jpg 1024w\" sizes=\"auto, (max-width: 3264px) 100vw, 3264px\" \/><\/p>\n<p><img loading=\"lazy\" decoding=\"async\" class=\"alignnone size-full wp-image-1645\" src=\"http:\/\/www.fsv-stadeln.de\/wp-content\/uploads\/2017\/05\/Abschied_Tek_Teddi_13052017-e1494693596847.jpg\" alt=\"\" width=\"3264\" height=\"2448\" srcset=\"https:\/\/www.fsv-stadeln.de\/wp-content\/uploads\/2017\/05\/Abschied_Tek_Teddi_13052017-e1494693596847.jpg 3264w, https:\/\/www.fsv-stadeln.de\/wp-content\/uploads\/2017\/05\/Abschied_Tek_Teddi_13052017-e1494693596847-300x225.jpg 300w, https:\/\/www.fsv-stadeln.de\/wp-content\/uploads\/2017\/05\/Abschied_Tek_Teddi_13052017-e1494693596847-768x576.jpg 768w, https:\/\/www.fsv-stadeln.de\/wp-content\/uploads\/2017\/05\/Abschied_Tek_Teddi_13052017-e1494693596847-1024x768.jpg 1024w\" sizes=\"auto, (max-width: 3264px) 100vw, 3264px\" \/><\/p>\n","protected":false},"excerpt":{"rendered":"<p>Am Ende der Saison verlassen den FSV: Thomas Reiser, Sven Riese, Tom Reichel, Heiko Pfeifer, Tadeus Brodatsch, Florian Gr\u00e4f, Maximilian Erk und Marcel Poetsch. Die beiden Trainer werden ihre Trainert\u00e4tigkeit nach dieser Saison beenden. Die Spieler werden den FSV Stadeln nach dieser Saison leider verlassen. Wir w\u00fcnschen Euch allen viel Gl\u00fcck und alles Gute f\u00fcr die Zukunft und bedanken uns [&hellip;]<\/p>\n","protected":false},"author":1,"featured_media":5,"comment_status":"closed","ping_status":"open","sticky":false,"template":"","format":"standard","meta":{"_monsterinsights_skip_tracking":false,"_monsterinsights_sitenote_active":false,"_monsterinsights_sitenote_note":"","_monsterinsights_sitenote_category":0,"footnotes":""},"categories":[5],"tags":[],"class_list":["post-1646","post","type-post","status-publish","format-standard","has-post-thumbnail","hentry","category-fussball"],"aioseo_notices":[],"_links":{"self":[{"href":"https:\/\/www.fsv-stadeln.de\/index.php?rest_route=\/wp\/v2\/posts\/1646","targetHints":{"allow":["GET"]}}],"collection":[{"href":"https:\/\/www.fsv-stadeln.de\/index.php?rest_route=\/wp\/v2\/posts"}],"about":[{"href":"https:\/\/www.fsv-stadeln.de\/index.php?rest_route=\/wp\/v2\/types\/post"}],"author":[{"embeddable":true,"href":"https:\/\/www.fsv-stadeln.de\/index.php?rest_route=\/wp\/v2\/users\/1"}],"replies":[{"embeddable":true,"href":"https:\/\/www.fsv-stadeln.de\/index.php?rest_route=%2Fwp%2Fv2%2Fcomments&post=1646"}],"version-history":[{"count":1,"href":"https:\/\/www.fsv-stadeln.de\/index.php?rest_route=\/wp\/v2\/posts\/1646\/revisions"}],"predecessor-version":[{"id":1647,"href":"https:\/\/www.fsv-stadeln.de\/index.php?rest_route=\/wp\/v2\/posts\/1646\/revisions\/1647"}],"wp:featuredmedia":[{"embeddable":true,"href":"https:\/\/www.fsv-stadeln.de\/index.php?rest_route=\/wp\/v2\/media\/5"}],"wp:attachment":[{"href":"https:\/\/www.fsv-stadeln.de\/index.php?rest_route=%2Fwp%2Fv2%2Fmedia&parent=1646"}],"wp:term":[{"taxonomy":"category","embeddable":true,"href":"https:\/\/www.fsv-stadeln.de\/index.php?rest_route=%2Fwp%2Fv2%2Fcategories&post=1646"},{"taxonomy":"post_tag","embeddable":true,"href":"https:\/\/www.fsv-stadeln.de\/index.php?rest_route=%2Fwp%2Fv2%2Ftags&post=1646"}],"curies":[{"name":"wp","href":"https:\/\/api.w.org\/{rel}","templated":true}]}}