{"id":1635,"date":"2017-05-11T20:00:13","date_gmt":"2017-05-11T18:00:13","guid":{"rendered":"http:\/\/www.fsv-stadeln.de\/?p=1635"},"modified":"2017-05-12T13:05:07","modified_gmt":"2017-05-12T11:05:07","slug":"letztes-heimspiel-dieser-saison-fsv-stadeln-asv-fuerth","status":"publish","type":"post","link":"https:\/\/www.fsv-stadeln.de\/?p=1635","title":{"rendered":"Letztes Heimspiel dieser Saison | FSV Stadeln &#8211; ASV F\u00fcrth"},"content":{"rendered":"<h5><b>Letztes Heimspiel dieser Saison-33.Spt. der Bezirksliga 1: FSV Stadeln &#8211; ASV F\u00fcrth am Samstag,13.05.2017 um 16 Uhr am FSV-Sportgel\u00e4nde<\/b><\/h5>\n<p>Liebe FSV-Fans,<\/p>\n<p>am <strong>morgigen Samstag, 13.Mai 2017<\/strong>\u00a0bestreitet unsere Bezirksliga Mannschaft\u00a0Ihr letztes\u00a0Heimspiel in dieser Saison.\u00a0Gegner im heimischen &#8222;Waldstadion&#8220; wird der ASV F\u00fcrth sein.<\/p>\n<p>&nbsp;<\/p>\n<div>\n<div><img decoding=\"async\" class=\"egmClubLogo\" src=\"http:\/\/www.bfv.de\/export.media?action=getLogo&amp;format=0&amp;id=00ES8GNKG000001BVV0AG08LVUPGND5I\" \/>\u00a0gegen <img decoding=\"async\" class=\"egmClubLogo\" src=\"http:\/\/www.bfv.de\/export.media?action=getLogo&amp;format=0&amp;id=00ES8GNKDG000019VV0AG08LVUPGND5I\" \/><\/div>\n<\/div>\n<div>\n<div><\/div>\n<div><\/div>\n<div><span style=\"color: #000000;\">Spielbeginn: 16 Uhr.<\/span><\/div>\n<\/div>\n<div>\n<div>\n<p><span style=\"color: #000000;\">Der link zum\u00a0<a href=\"http:\/\/www.fsv-stadeln.de\/?page_id=340\">FSV-Stadionheft<\/a><\/span><\/p>\n<p>&nbsp;<\/p>\n<p><img decoding=\"async\" class=\"egmClubLogo\" src=\"http:\/\/www.bfv.de\/export.media?action=getLogo&amp;format=0&amp;id=00ES8GNKG000000UVV0AG08LVUPGND5I\" \/>gegen <img decoding=\"async\" class=\"egmClubLogo\" src=\"http:\/\/www.bfv.de\/export.media?action=getLogo&amp;format=0&amp;id=00ES8GNKG000001BVV0AG08LVUPGND5I\" \/><\/p>\n<p><span style=\"color: #000000;\">Am <strong>kommenden Sonntag, 14. Mai 2017 <\/strong>spielt unsere zweite Mannschaft beim SC (SG)\u00a0Viktoria N\u00fcrnberg.<br \/>\nUm den\u00a0Klassenerhalt unter Dach und Fach zu bringen, sollte die &#8222;Zweite&#8220; dort als Sieger vom Platz gehen.<\/span><\/p>\n<p><span style=\"color: #000000;\">Wir freuen uns auf Eure lautstarke und zahlreiche\u00a0Unterst\u00fctzung f\u00fcr unsere beiden Herren-Mannschaften.<\/span><\/p>\n<\/div>\n<div><\/div>\n<\/div>\n<div>\n<div><strong>Die Vorstandschaft &amp; Spielleitung des FSV<span style=\"color: #000000;\">\u00a0Stadeln<\/span><\/strong><\/div>\n<\/div>\n","protected":false},"excerpt":{"rendered":"<p>Letztes Heimspiel dieser Saison-33.Spt. der Bezirksliga 1: FSV Stadeln &#8211; ASV F\u00fcrth am Samstag,13.05.2017 um 16 Uhr am FSV-Sportgel\u00e4nde Liebe FSV-Fans, am morgigen Samstag, 13.Mai 2017\u00a0bestreitet unsere Bezirksliga Mannschaft\u00a0Ihr letztes\u00a0Heimspiel in dieser Saison.\u00a0Gegner im heimischen &#8222;Waldstadion&#8220; wird der ASV F\u00fcrth sein. &nbsp; \u00a0gegen Spielbeginn: 16 Uhr. Der link zum\u00a0FSV-Stadionheft &nbsp; gegen Am kommenden Sonntag, 14. Mai 2017 spielt unsere zweite [&hellip;]<\/p>\n","protected":false},"author":1,"featured_media":1636,"comment_status":"closed","ping_status":"open","sticky":false,"template":"","format":"standard","meta":{"_monsterinsights_skip_tracking":false,"_monsterinsights_sitenote_active":false,"_monsterinsights_sitenote_note":"","_monsterinsights_sitenote_category":0,"footnotes":""},"categories":[5],"tags":[],"class_list":["post-1635","post","type-post","status-publish","format-standard","has-post-thumbnail","hentry","category-fussball"],"aioseo_notices":[],"_links":{"self":[{"href":"https:\/\/www.fsv-stadeln.de\/index.php?rest_route=\/wp\/v2\/posts\/1635","targetHints":{"allow":["GET"]}}],"collection":[{"href":"https:\/\/www.fsv-stadeln.de\/index.php?rest_route=\/wp\/v2\/posts"}],"about":[{"href":"https:\/\/www.fsv-stadeln.de\/index.php?rest_route=\/wp\/v2\/types\/post"}],"author":[{"embeddable":true,"href":"https:\/\/www.fsv-stadeln.de\/index.php?rest_route=\/wp\/v2\/users\/1"}],"replies":[{"embeddable":true,"href":"https:\/\/www.fsv-stadeln.de\/index.php?rest_route=%2Fwp%2Fv2%2Fcomments&post=1635"}],"version-history":[{"count":3,"href":"https:\/\/www.fsv-stadeln.de\/index.php?rest_route=\/wp\/v2\/posts\/1635\/revisions"}],"predecessor-version":[{"id":1639,"href":"https:\/\/www.fsv-stadeln.de\/index.php?rest_route=\/wp\/v2\/posts\/1635\/revisions\/1639"}],"wp:featuredmedia":[{"embeddable":true,"href":"https:\/\/www.fsv-stadeln.de\/index.php?rest_route=\/wp\/v2\/media\/1636"}],"wp:attachment":[{"href":"https:\/\/www.fsv-stadeln.de\/index.php?rest_route=%2Fwp%2Fv2%2Fmedia&parent=1635"}],"wp:term":[{"taxonomy":"category","embeddable":true,"href":"https:\/\/www.fsv-stadeln.de\/index.php?rest_route=%2Fwp%2Fv2%2Fcategories&post=1635"},{"taxonomy":"post_tag","embeddable":true,"href":"https:\/\/www.fsv-stadeln.de\/index.php?rest_route=%2Fwp%2Fv2%2Ftags&post=1635"}],"curies":[{"name":"wp","href":"https:\/\/api.w.org\/{rel}","templated":true}]}}