{"id":1626,"date":"2017-05-10T20:00:32","date_gmt":"2017-05-10T18:00:32","guid":{"rendered":"http:\/\/www.fsv-stadeln.de\/?p=1626"},"modified":"2017-05-11T13:04:08","modified_gmt":"2017-05-11T11:04:08","slug":"tsv-buch-ii-fsv-stadeln-ii-4-2-3-2","status":"publish","type":"post","link":"https:\/\/www.fsv-stadeln.de\/?p=1626","title":{"rendered":"TSV Buch II &#8211;  FSV Stadeln II 4 : 2  (3 : 2)"},"content":{"rendered":"<p><strong>Gl\u00fccklicher Bucher Sieg im Nachholspiel<\/strong><\/p>\n<p>Im dritten Anlauf hat es nun geklappt \u2013 das kleine Knoblauchslandderby zwischen dem TSV Buch II und dem FSV Stadeln II konnte stattfinden. Auf dem neuen Bucher A-Platz bei herrlichem Fr\u00fchlingswetter waren die \u00e4u\u00dferen Bedingungen hervorragend. Es ging auch gleich ohne gro\u00dfes Abtasten los. Bereits in der 6. Minute tauchte ein Bucher St\u00fcrmer allein vor FSV-Keeper Hirsch auf, doch dieser konnte gro\u00dfartig parieren. Zwei Minuten sp\u00e4ter gingen die G\u00e4ste in F\u00fchrung. Einen weiten Pa\u00df von Julian Mielack nahm der Ex-Bucher Sven Riese gekonnt mit und auch in Bedr\u00e4ngnis gelang ihm ein toller Abschlu\u00df &#8211; 0:1.<\/p>\n<p><img loading=\"lazy\" decoding=\"async\" class=\"alignnone size-full wp-image-1630\" src=\"http:\/\/www.fsv-stadeln.de\/wp-content\/uploads\/2017\/05\/u23_20170510_03.jpg\" alt=\"\" width=\"1115\" height=\"836\" srcset=\"https:\/\/www.fsv-stadeln.de\/wp-content\/uploads\/2017\/05\/u23_20170510_03.jpg 1115w, https:\/\/www.fsv-stadeln.de\/wp-content\/uploads\/2017\/05\/u23_20170510_03-300x225.jpg 300w, https:\/\/www.fsv-stadeln.de\/wp-content\/uploads\/2017\/05\/u23_20170510_03-768x576.jpg 768w, https:\/\/www.fsv-stadeln.de\/wp-content\/uploads\/2017\/05\/u23_20170510_03-1024x768.jpg 1024w\" sizes=\"auto, (max-width: 1115px) 100vw, 1115px\" \/><\/p>\n<p>Wiederum zwei Minuten sp\u00e4ter fiel bereits der Ausgleich. Eine Freisto\u00df-Bogenlampe von Taner Alicioglu fand, beg\u00fcnstigt durch die tiefstehende Sonne, den Weg ins Stadelner Tor. In der folgenden Viertelstunde pr\u00e4sentierte sich die FSV-Hintermannschaft reichlich konfus. Die Bucher schlugen daraus mit zwei weiteren Treffern Kapital. Zun\u00e4chst konnte Florian Pollok nach einem Stellungsfehler allein auf Torwart Hirsch zulaufen und \u00fcberwand diesen zum 2:1. Das dritte Tor fiel dann nach einer eigentlich zu weit geschlagenen Ecke. Der Bucher Kapit\u00e4n Marco Marciano versuchte aus spitzem Winkel mit einem Seitfallzieher sein Gl\u00fcck und irgendwie fand der Ball den Weg ins Stadelner Geh\u00e4use. Kurz vorher hatte Martin S\u00fclzen Pech, als er mit seinem Versuch an der Latte des Bucher Tores scheiterte. Zehn Minuten nach dem 1:3 scheiterten die Stadelner in Person von Sven Riese wiederum an der Latte. Jetzt waren die G\u00e4ste wieder besser im Spiel und dr\u00e4ngten auf den Anschlu\u00df. Dieser gelang dann in der 37. Minute Tobi Lennert, der eine Gr\u00e4f-Ecke per Kopf vollendete. Der FSV war nun spielbestimmend und dem Ausgleich nahe. Kapit\u00e4n Dima Wittmaier traf nach einer Gr\u00e4f-Ecke zum dritten Mal Aluminium und auch Florian Gr\u00e4f und Sven Riese scheiterten kurz vor der Pause nur knapp.<\/p>\n<p><img loading=\"lazy\" decoding=\"async\" class=\"alignnone size-full wp-image-1629\" src=\"http:\/\/www.fsv-stadeln.de\/wp-content\/uploads\/2017\/05\/u23_20170510_02.jpg\" alt=\"\" width=\"1115\" height=\"836\" srcset=\"https:\/\/www.fsv-stadeln.de\/wp-content\/uploads\/2017\/05\/u23_20170510_02.jpg 1115w, https:\/\/www.fsv-stadeln.de\/wp-content\/uploads\/2017\/05\/u23_20170510_02-300x225.jpg 300w, https:\/\/www.fsv-stadeln.de\/wp-content\/uploads\/2017\/05\/u23_20170510_02-768x576.jpg 768w, https:\/\/www.fsv-stadeln.de\/wp-content\/uploads\/2017\/05\/u23_20170510_02-1024x768.jpg 1024w\" sizes=\"auto, (max-width: 1115px) 100vw, 1115px\" \/><\/p>\n<p>Auch in der zweiten H\u00e4lfte blieben die Stadelner spielbestimmend, die ganz klaren Chancen blieben jedoch zun\u00e4chst aus. Dann erwies Oli Grassler seine Farben einen B\u00e4rendienst, als er sich nach einem b\u00f6sen Einsteigen eines Bucher St\u00fcrmers zu einem Schubser hinrei\u00dfen lie\u00df \u2013 SR Peter Wittmann aus Hagenb\u00fcchach zeigte ihm die gelbrote Karte. Doch auch in Unterzahl behielten die G\u00e4ste das Heft in der Hand. In der 69. Minute spielte Sven Riese auf der linken Seite Oli Mielack frei, doch dessen Versuch strich um Zentimeter am Bucher Geh\u00e4use vorbei. \u00c4hnlich erging es Dima Wittmaier mit einer Volley-Abnahme nach einer\u00a0 Ecke und Flo Gr\u00e4f mit einem Freisto\u00df aus 20 Metern in der 80. Minute. So kam es wie so oft in solchen Spielen. In der Nachspielzeit erzielte der Bucher David Kamp gegen eine total entbl\u00f6\u00dfte Stadelner Hintermannschaft das entscheidende 4:2.<\/p>\n<p><img loading=\"lazy\" decoding=\"async\" class=\"alignnone size-full wp-image-1628\" src=\"http:\/\/www.fsv-stadeln.de\/wp-content\/uploads\/2017\/05\/u23_20170510_01.jpg\" alt=\"\" width=\"1115\" height=\"836\" srcset=\"https:\/\/www.fsv-stadeln.de\/wp-content\/uploads\/2017\/05\/u23_20170510_01.jpg 1115w, https:\/\/www.fsv-stadeln.de\/wp-content\/uploads\/2017\/05\/u23_20170510_01-300x225.jpg 300w, https:\/\/www.fsv-stadeln.de\/wp-content\/uploads\/2017\/05\/u23_20170510_01-768x576.jpg 768w, https:\/\/www.fsv-stadeln.de\/wp-content\/uploads\/2017\/05\/u23_20170510_01-1024x768.jpg 1024w\" sizes=\"auto, (max-width: 1115px) 100vw, 1115px\" \/><\/p>\n<p>Die G\u00e4ste h\u00e4tten aufgrund ihrer engagierten Leistung heute mindestens einen Punkt verdient gehabt. So m\u00fcssen die Rot-Wei\u00dfen am Sonntag beim Schlu\u00dflicht SC Viktoria versuchen, die noch fehlenden Punkte f\u00fcr den Klassenerhalt einzufahren.<\/p>\n<p><strong>TSV Buch II:\u00a0 <\/strong>D\u00f6llfelder, Metz, Brehm, Alicioglu, Lindner, Kamp, Schindler, Hofmann, Ross, Marciano, Pollok (31. Fleischmann, 75. Ramadanov)<\/p>\n<p><strong>FSV Stadeln II: \u00a0<\/strong>Hirsch, Gra\u00dfler, O. Mielack, S\u00fclzen, Riese, Schwarzenberger (72. Spahn), Wittmaier, Gr\u00e4f, Lennert, Dichev (72. Kauerauf), J. Mielack<\/p>\n<p><strong>Tore:\u00a0 <\/strong>0:1 (8.) Riese, 1:1 (10.) Alicioglu, 2:1 (12.) Pollok, 3:1 (26.) Marciano, 3:2 (37.) Lennert, 4:2 (90.) Kamp<\/p>\n<p><strong>\u00a0<\/strong><\/p>\n<p><strong>Schiedsrichter: \u00a0<\/strong>Wittmann (Hagenb\u00fcchach)<\/p>\n<p>&nbsp;<\/p>\n<p><strong>Zuschauer:\u00a0 <\/strong>60<\/p>\n","protected":false},"excerpt":{"rendered":"<p>Gl\u00fccklicher Bucher Sieg im Nachholspiel Im dritten Anlauf hat es nun geklappt \u2013 das kleine Knoblauchslandderby zwischen dem TSV Buch II und dem FSV Stadeln II konnte stattfinden. Auf dem neuen Bucher A-Platz bei herrlichem Fr\u00fchlingswetter waren die \u00e4u\u00dferen Bedingungen hervorragend. Es ging auch gleich ohne gro\u00dfes Abtasten los. Bereits in der 6. Minute tauchte ein Bucher St\u00fcrmer allein vor [&hellip;]<\/p>\n","protected":false},"author":1,"featured_media":5,"comment_status":"closed","ping_status":"open","sticky":false,"template":"","format":"standard","meta":{"_monsterinsights_skip_tracking":false,"_monsterinsights_sitenote_active":false,"_monsterinsights_sitenote_note":"","_monsterinsights_sitenote_category":0,"footnotes":""},"categories":[8],"tags":[],"class_list":["post-1626","post","type-post","status-publish","format-standard","has-post-thumbnail","hentry","category-u23"],"aioseo_notices":[],"_links":{"self":[{"href":"https:\/\/www.fsv-stadeln.de\/index.php?rest_route=\/wp\/v2\/posts\/1626","targetHints":{"allow":["GET"]}}],"collection":[{"href":"https:\/\/www.fsv-stadeln.de\/index.php?rest_route=\/wp\/v2\/posts"}],"about":[{"href":"https:\/\/www.fsv-stadeln.de\/index.php?rest_route=\/wp\/v2\/types\/post"}],"author":[{"embeddable":true,"href":"https:\/\/www.fsv-stadeln.de\/index.php?rest_route=\/wp\/v2\/users\/1"}],"replies":[{"embeddable":true,"href":"https:\/\/www.fsv-stadeln.de\/index.php?rest_route=%2Fwp%2Fv2%2Fcomments&post=1626"}],"version-history":[{"count":1,"href":"https:\/\/www.fsv-stadeln.de\/index.php?rest_route=\/wp\/v2\/posts\/1626\/revisions"}],"predecessor-version":[{"id":1631,"href":"https:\/\/www.fsv-stadeln.de\/index.php?rest_route=\/wp\/v2\/posts\/1626\/revisions\/1631"}],"wp:featuredmedia":[{"embeddable":true,"href":"https:\/\/www.fsv-stadeln.de\/index.php?rest_route=\/wp\/v2\/media\/5"}],"wp:attachment":[{"href":"https:\/\/www.fsv-stadeln.de\/index.php?rest_route=%2Fwp%2Fv2%2Fmedia&parent=1626"}],"wp:term":[{"taxonomy":"category","embeddable":true,"href":"https:\/\/www.fsv-stadeln.de\/index.php?rest_route=%2Fwp%2Fv2%2Fcategories&post=1626"},{"taxonomy":"post_tag","embeddable":true,"href":"https:\/\/www.fsv-stadeln.de\/index.php?rest_route=%2Fwp%2Fv2%2Ftags&post=1626"}],"curies":[{"name":"wp","href":"https:\/\/api.w.org\/{rel}","templated":true}]}}