{"id":1567,"date":"2017-04-24T07:37:54","date_gmt":"2017-04-24T05:37:54","guid":{"rendered":"http:\/\/www.fsv-stadeln.de\/?p=1567"},"modified":"2017-05-06T08:47:18","modified_gmt":"2017-05-06T06:47:18","slug":"spvgg-moegeldorf-2000-fsv-stadeln-ii-11-10","status":"publish","type":"post","link":"https:\/\/www.fsv-stadeln.de\/?p=1567","title":{"rendered":"U23: SpVgg M\u00f6geldorf 2000 &#8211; FSV Stadeln II 1:1 (1:0)"},"content":{"rendered":"<p>M\u00f6geldorf musste erstmals auf den langzeitverletzten Wilhelm (Kreuzbandriss in Gro\u00dfgr\u00fcndlach) sowie Ubrig (Fieber) verzichten. Die Leichtigkeit der vergangenen Wochen war nur in den ersten Spielminuten zu sehen. Stadeln kam besser in die Partie und spielte mindestens auf Augenh\u00f6he.<\/p>\n<p><img loading=\"lazy\" decoding=\"async\" class=\"size-full wp-image-1565 aligncenter\" src=\"http:\/\/www.fsv-stadeln.de\/wp-content\/uploads\/2017\/05\/u23_m\u00f6geldorf1.jpg\" alt=\"\" width=\"562\" height=\"375\" srcset=\"https:\/\/www.fsv-stadeln.de\/wp-content\/uploads\/2017\/05\/u23_m\u00f6geldorf1.jpg 562w, https:\/\/www.fsv-stadeln.de\/wp-content\/uploads\/2017\/05\/u23_m\u00f6geldorf1-300x200.jpg 300w\" sizes=\"auto, (max-width: 562px) 100vw, 562px\" \/><\/p>\n<p>M\u00f6geldorfs Brochier verpasste die F\u00fchrung, sein Schuss konnte noch von der Linie gekratzt werden. Stadeln kam erstmal nur aus der Distanz zum Abschluss. Ghile erzielte kurz vor der Pause den F\u00fchrungstreffer f\u00fcr M\u00f6geldorf.<br \/>\nNach dem Seitenwechsel dr\u00fcckte Stadeln auf das M\u00f6geldorfer Geh\u00e4use. Gef\u00e4hrlich wurde es meist bei Standards. Die Heimelf verpasste es, den Deckel auf die Partie zu setzen. So scheiterte erst Steffen Klein an der Latte, im Anschluss war es Ghile, der erst an der Latte scheiterte und beim Abpraller allein vor Keeper Achheimer den Ball nicht traf.<\/p>\n<p><img loading=\"lazy\" decoding=\"async\" class=\"size-full wp-image-1566 aligncenter\" src=\"http:\/\/www.fsv-stadeln.de\/wp-content\/uploads\/2017\/05\/u23_moegeldorf2.jpg\" alt=\"\" width=\"562\" height=\"375\" srcset=\"https:\/\/www.fsv-stadeln.de\/wp-content\/uploads\/2017\/05\/u23_moegeldorf2.jpg 562w, https:\/\/www.fsv-stadeln.de\/wp-content\/uploads\/2017\/05\/u23_moegeldorf2-300x200.jpg 300w\" sizes=\"auto, (max-width: 562px) 100vw, 562px\" \/><\/p>\n<p>Stadeln machte bis zum Schluss Druck und wurde schlie\u00dflich in der Nachspielzeit belohnt. S\u00fclzen traf ins lange Eck zum nicht unverdienten 1:1-Unentschieden. Ein kleiner D\u00e4mpfer f\u00fcr die M\u00f6geldorfer, die dennoch in Sachen Aufstieg noch alles in eigener Hand haben.<\/p>\n<p>Erwin Brunner<\/p>\n","protected":false},"excerpt":{"rendered":"<p>M\u00f6geldorf musste erstmals auf den langzeitverletzten Wilhelm (Kreuzbandriss in Gro\u00dfgr\u00fcndlach) sowie Ubrig (Fieber) verzichten. Die Leichtigkeit der vergangenen Wochen war nur in den ersten Spielminuten zu sehen. Stadeln kam besser in die Partie und spielte mindestens auf Augenh\u00f6he. M\u00f6geldorfs Brochier verpasste die F\u00fchrung, sein Schuss konnte noch von der Linie gekratzt werden. Stadeln kam erstmal nur aus der Distanz zum [&hellip;]<\/p>\n","protected":false},"author":1,"featured_media":5,"comment_status":"closed","ping_status":"open","sticky":false,"template":"","format":"standard","meta":{"_monsterinsights_skip_tracking":false,"_monsterinsights_sitenote_active":false,"_monsterinsights_sitenote_note":"","_monsterinsights_sitenote_category":0,"footnotes":""},"categories":[8],"tags":[],"class_list":["post-1567","post","type-post","status-publish","format-standard","has-post-thumbnail","hentry","category-u23"],"aioseo_notices":[],"_links":{"self":[{"href":"https:\/\/www.fsv-stadeln.de\/index.php?rest_route=\/wp\/v2\/posts\/1567","targetHints":{"allow":["GET"]}}],"collection":[{"href":"https:\/\/www.fsv-stadeln.de\/index.php?rest_route=\/wp\/v2\/posts"}],"about":[{"href":"https:\/\/www.fsv-stadeln.de\/index.php?rest_route=\/wp\/v2\/types\/post"}],"author":[{"embeddable":true,"href":"https:\/\/www.fsv-stadeln.de\/index.php?rest_route=\/wp\/v2\/users\/1"}],"replies":[{"embeddable":true,"href":"https:\/\/www.fsv-stadeln.de\/index.php?rest_route=%2Fwp%2Fv2%2Fcomments&post=1567"}],"version-history":[{"count":5,"href":"https:\/\/www.fsv-stadeln.de\/index.php?rest_route=\/wp\/v2\/posts\/1567\/revisions"}],"predecessor-version":[{"id":1572,"href":"https:\/\/www.fsv-stadeln.de\/index.php?rest_route=\/wp\/v2\/posts\/1567\/revisions\/1572"}],"wp:featuredmedia":[{"embeddable":true,"href":"https:\/\/www.fsv-stadeln.de\/index.php?rest_route=\/wp\/v2\/media\/5"}],"wp:attachment":[{"href":"https:\/\/www.fsv-stadeln.de\/index.php?rest_route=%2Fwp%2Fv2%2Fmedia&parent=1567"}],"wp:term":[{"taxonomy":"category","embeddable":true,"href":"https:\/\/www.fsv-stadeln.de\/index.php?rest_route=%2Fwp%2Fv2%2Fcategories&post=1567"},{"taxonomy":"post_tag","embeddable":true,"href":"https:\/\/www.fsv-stadeln.de\/index.php?rest_route=%2Fwp%2Fv2%2Ftags&post=1567"}],"curies":[{"name":"wp","href":"https:\/\/api.w.org\/{rel}","templated":true}]}}