{"id":1454,"date":"2017-01-30T11:22:55","date_gmt":"2017-01-30T10:22:55","guid":{"rendered":"http:\/\/www.fsv-stadeln.de\/?p=1454"},"modified":"2017-01-30T11:22:55","modified_gmt":"2017-01-30T10:22:55","slug":"sven-pelz-kehrt-nach-1-%c2%bd-jahre-pause-zurueck-zum-fsv","status":"publish","type":"post","link":"https:\/\/www.fsv-stadeln.de\/?p=1454","title":{"rendered":"Sven Pelz kehrt nach 1 \u00bd Jahre Pause zur\u00fcck zum FSV"},"content":{"rendered":"<p>Der ehemalige Spieler der 1. Mannschaft des FSV, fr\u00fchere Trainer der 2. Mannschaft<br \/>\nsowie Interimstrainer der BOL &#8211; Mannschaft im Aufstiegsjahr 2012, Sven Pelz, steigt<br \/>\nnach 1 \u00bd j\u00e4hriger Pause wieder ins Trainergesch\u00e4ft beim FSV Stadeln ein.<\/p>\n<p>Nachdem R\u00fccktritt des bisherigen A-Jugendtrainers Gernot Eibel, \u00fcbernimmt der geb\u00fcrtige<br \/>\nLangenzenner ab sofort das Cheftraineramt der U19-Junioren des FSV. Unsere A-Jugend<br \/>\nspielt als Spielgemeinschaft mit der SG 83 N\u00fcrnberg F\u00fcrth in der BOL Mittelfranken.<\/p>\n<p>An der Seite von Sven Pelz wird k\u00fcnftig J\u00f6rg Ammon als Co-Trainer fungieren.<br \/>\nJ\u00f6rg Ammon war bis zur letzten Saison Trainer der B-Jugend des FSV Stadeln.<\/p>\n<p>Die FSV Familie freut sich, dass die beiden diese wichtige Aufgabe \u00fcbernehmen und ihre<br \/>\nfachliche Kompetenz den Jugendspielern weitergeben.<\/p>\n<p>Wir w\u00fcnschen Sven und J\u00f6rg viel Gl\u00fcck und Erfolg bei Ihrer Mission Klassenerhalt.<\/p>\n<p>Die Vorstandschaft und Jugendleitung<\/p>\n","protected":false},"excerpt":{"rendered":"<p>Der ehemalige Spieler der 1. Mannschaft des FSV, fr\u00fchere Trainer der 2. Mannschaft sowie Interimstrainer der BOL &#8211; Mannschaft im Aufstiegsjahr 2012, Sven Pelz, steigt nach 1 \u00bd j\u00e4hriger Pause wieder ins Trainergesch\u00e4ft beim FSV Stadeln ein. Nachdem R\u00fccktritt des bisherigen A-Jugendtrainers Gernot Eibel, \u00fcbernimmt der geb\u00fcrtige Langenzenner ab sofort das Cheftraineramt der U19-Junioren des FSV. Unsere A-Jugend spielt als [&hellip;]<\/p>\n","protected":false},"author":1,"featured_media":0,"comment_status":"closed","ping_status":"open","sticky":false,"template":"","format":"standard","meta":{"_monsterinsights_skip_tracking":false,"_monsterinsights_sitenote_active":false,"_monsterinsights_sitenote_note":"","_monsterinsights_sitenote_category":0,"footnotes":""},"categories":[16,4],"tags":[],"class_list":["post-1454","post","type-post","status-publish","format-standard","hentry","category-jugend","category-verein"],"aioseo_notices":[],"_links":{"self":[{"href":"https:\/\/www.fsv-stadeln.de\/index.php?rest_route=\/wp\/v2\/posts\/1454","targetHints":{"allow":["GET"]}}],"collection":[{"href":"https:\/\/www.fsv-stadeln.de\/index.php?rest_route=\/wp\/v2\/posts"}],"about":[{"href":"https:\/\/www.fsv-stadeln.de\/index.php?rest_route=\/wp\/v2\/types\/post"}],"author":[{"embeddable":true,"href":"https:\/\/www.fsv-stadeln.de\/index.php?rest_route=\/wp\/v2\/users\/1"}],"replies":[{"embeddable":true,"href":"https:\/\/www.fsv-stadeln.de\/index.php?rest_route=%2Fwp%2Fv2%2Fcomments&post=1454"}],"version-history":[{"count":1,"href":"https:\/\/www.fsv-stadeln.de\/index.php?rest_route=\/wp\/v2\/posts\/1454\/revisions"}],"predecessor-version":[{"id":1455,"href":"https:\/\/www.fsv-stadeln.de\/index.php?rest_route=\/wp\/v2\/posts\/1454\/revisions\/1455"}],"wp:attachment":[{"href":"https:\/\/www.fsv-stadeln.de\/index.php?rest_route=%2Fwp%2Fv2%2Fmedia&parent=1454"}],"wp:term":[{"taxonomy":"category","embeddable":true,"href":"https:\/\/www.fsv-stadeln.de\/index.php?rest_route=%2Fwp%2Fv2%2Fcategories&post=1454"},{"taxonomy":"post_tag","embeddable":true,"href":"https:\/\/www.fsv-stadeln.de\/index.php?rest_route=%2Fwp%2Fv2%2Ftags&post=1454"}],"curies":[{"name":"wp","href":"https:\/\/api.w.org\/{rel}","templated":true}]}}