{"id":1446,"date":"2016-12-29T08:53:24","date_gmt":"2016-12-29T07:53:24","guid":{"rendered":"http:\/\/www.fsv-stadeln.de\/?p=1446"},"modified":"2016-12-29T09:17:13","modified_gmt":"2016-12-29T08:17:13","slug":"spieler-der-fsv-bezirksligamannschaft-uebernimmt-verantwortung-im-jugendbereich","status":"publish","type":"post","link":"https:\/\/www.fsv-stadeln.de\/?p=1446","title":{"rendered":"Spieler der FSV-Bezirksligamannschaft \u00fcbernimmt Verantwortung im Jugendbereich"},"content":{"rendered":"<p>Marcel Poetsch, unser Spieler der 1.Mannschaft des FSV, \u00fcbernimmt ab dem neuen Jahr den Trainerposten der U15-Junioren des FSV.<br \/>\nDer 23j\u00e4hrige, der vor zwei Jahren an den Kronacher Wald gewechselt war, spielte zuvor f\u00fcr Neustadt\/Aisch, B\u00fcchenbach und TSV Wendelstein.<br \/>\nNeben seiner Ausbildung arbeitet er nebenbei als Talentscout f\u00fcr den 1.FC N\u00fcrnberg.<br \/>\nF\u00fcr Marcel ist es die erste Station als Jugendtrainer.<br \/>\nDer FSV freut sich \u00fcber sein Engagement, vor allem dass wieder ein aktiver Spieler unserer 1.Mannschaft sein K\u00f6nnen und seine Erfahrung den Jugendlichen des FSV vermittelt.<br \/>\nWir w\u00fcnschen Marcel und der C-Jugend des FSV viel Gl\u00fcck und Erfolg in der R\u00fcckrunde.<\/p>\n<p><a href=\"http:\/\/jugend.fsv-stadeln.de\/c1-jugend-1617\/\">Hier gehts zur Mannschaft von Marcel&#8230;.<\/a><\/p>\n","protected":false},"excerpt":{"rendered":"<p>Marcel Poetsch, unser Spieler der 1.Mannschaft des FSV, \u00fcbernimmt ab dem neuen Jahr den Trainerposten der U15-Junioren des FSV. Der 23j\u00e4hrige, der vor zwei Jahren an den Kronacher Wald gewechselt war, spielte zuvor f\u00fcr Neustadt\/Aisch, B\u00fcchenbach und TSV Wendelstein. Neben seiner Ausbildung arbeitet er nebenbei als Talentscout f\u00fcr den 1.FC N\u00fcrnberg. F\u00fcr Marcel ist es die erste Station als Jugendtrainer. [&hellip;]<\/p>\n","protected":false},"author":1,"featured_media":1140,"comment_status":"closed","ping_status":"open","sticky":false,"template":"","format":"standard","meta":{"_monsterinsights_skip_tracking":false,"_monsterinsights_sitenote_active":false,"_monsterinsights_sitenote_note":"","_monsterinsights_sitenote_category":0,"footnotes":""},"categories":[5,16,4],"tags":[],"class_list":["post-1446","post","type-post","status-publish","format-standard","has-post-thumbnail","hentry","category-fussball","category-jugend","category-verein"],"aioseo_notices":[],"_links":{"self":[{"href":"https:\/\/www.fsv-stadeln.de\/index.php?rest_route=\/wp\/v2\/posts\/1446","targetHints":{"allow":["GET"]}}],"collection":[{"href":"https:\/\/www.fsv-stadeln.de\/index.php?rest_route=\/wp\/v2\/posts"}],"about":[{"href":"https:\/\/www.fsv-stadeln.de\/index.php?rest_route=\/wp\/v2\/types\/post"}],"author":[{"embeddable":true,"href":"https:\/\/www.fsv-stadeln.de\/index.php?rest_route=\/wp\/v2\/users\/1"}],"replies":[{"embeddable":true,"href":"https:\/\/www.fsv-stadeln.de\/index.php?rest_route=%2Fwp%2Fv2%2Fcomments&post=1446"}],"version-history":[{"count":3,"href":"https:\/\/www.fsv-stadeln.de\/index.php?rest_route=\/wp\/v2\/posts\/1446\/revisions"}],"predecessor-version":[{"id":1450,"href":"https:\/\/www.fsv-stadeln.de\/index.php?rest_route=\/wp\/v2\/posts\/1446\/revisions\/1450"}],"wp:featuredmedia":[{"embeddable":true,"href":"https:\/\/www.fsv-stadeln.de\/index.php?rest_route=\/wp\/v2\/media\/1140"}],"wp:attachment":[{"href":"https:\/\/www.fsv-stadeln.de\/index.php?rest_route=%2Fwp%2Fv2%2Fmedia&parent=1446"}],"wp:term":[{"taxonomy":"category","embeddable":true,"href":"https:\/\/www.fsv-stadeln.de\/index.php?rest_route=%2Fwp%2Fv2%2Fcategories&post=1446"},{"taxonomy":"post_tag","embeddable":true,"href":"https:\/\/www.fsv-stadeln.de\/index.php?rest_route=%2Fwp%2Fv2%2Ftags&post=1446"}],"curies":[{"name":"wp","href":"https:\/\/api.w.org\/{rel}","templated":true}]}}