{"id":1398,"date":"2016-11-12T13:46:42","date_gmt":"2016-11-12T12:46:42","guid":{"rendered":"http:\/\/www.fsv-stadeln.de\/?p=1398"},"modified":"2016-11-13T11:32:38","modified_gmt":"2016-11-13T10:32:38","slug":"fsv-auswaerts-in-ottensoos","status":"publish","type":"post","link":"https:\/\/www.fsv-stadeln.de\/?p=1398","title":{"rendered":"Spiel in Ottensoos ist abgesagt"},"content":{"rendered":"<h4>FC Ottensoos : FSV Stadeln<\/h4>\n<p><strong>Sonntag, 13.11.2016, 14:00 Uhr,<br \/>\nSportanlage Ottensoos, R\u00fcblandener Str. 50<\/strong><\/p>\n<p>Wohin geht der Weg des FSV. Beim 16 ten der Tabelle sollte der FSV einen Sieg holen, damit der Abstand zu den hinteren Tabellenr\u00e4ngen erhalten bleibt.<\/p>\n<p><strong>FSV Fans, auf nach Ottensoos, die Mannschaft anfeuern!<\/strong><\/p>\n<h4>FSV II am Sonntag gegen DJK Falke N\u00fcrnberg<\/h4>\n<p>Sonntag, 23.10.2016, Sportanlage N\u00fcrnberg, Sudetendeutsche Str. 60<\/p>\n","protected":false},"excerpt":{"rendered":"<p>FC Ottensoos : FSV Stadeln Sonntag, 13.11.2016, 14:00 Uhr, Sportanlage Ottensoos, R\u00fcblandener Str. 50 Wohin geht der Weg des FSV. Beim 16 ten der Tabelle sollte der FSV einen Sieg holen, damit der Abstand zu den hinteren Tabellenr\u00e4ngen erhalten bleibt. FSV Fans, auf nach Ottensoos, die Mannschaft anfeuern! FSV II am Sonntag gegen DJK Falke N\u00fcrnberg Sonntag, 23.10.2016, Sportanlage N\u00fcrnberg, [&hellip;]<\/p>\n","protected":false},"author":2,"featured_media":0,"comment_status":"closed","ping_status":"open","sticky":false,"template":"","format":"standard","meta":{"_monsterinsights_skip_tracking":false,"_monsterinsights_sitenote_active":false,"_monsterinsights_sitenote_note":"","_monsterinsights_sitenote_category":0,"footnotes":""},"categories":[5],"tags":[],"class_list":["post-1398","post","type-post","status-publish","format-standard","hentry","category-fussball"],"aioseo_notices":[],"_links":{"self":[{"href":"https:\/\/www.fsv-stadeln.de\/index.php?rest_route=\/wp\/v2\/posts\/1398","targetHints":{"allow":["GET"]}}],"collection":[{"href":"https:\/\/www.fsv-stadeln.de\/index.php?rest_route=\/wp\/v2\/posts"}],"about":[{"href":"https:\/\/www.fsv-stadeln.de\/index.php?rest_route=\/wp\/v2\/types\/post"}],"author":[{"embeddable":true,"href":"https:\/\/www.fsv-stadeln.de\/index.php?rest_route=\/wp\/v2\/users\/2"}],"replies":[{"embeddable":true,"href":"https:\/\/www.fsv-stadeln.de\/index.php?rest_route=%2Fwp%2Fv2%2Fcomments&post=1398"}],"version-history":[{"count":4,"href":"https:\/\/www.fsv-stadeln.de\/index.php?rest_route=\/wp\/v2\/posts\/1398\/revisions"}],"predecessor-version":[{"id":1405,"href":"https:\/\/www.fsv-stadeln.de\/index.php?rest_route=\/wp\/v2\/posts\/1398\/revisions\/1405"}],"wp:attachment":[{"href":"https:\/\/www.fsv-stadeln.de\/index.php?rest_route=%2Fwp%2Fv2%2Fmedia&parent=1398"}],"wp:term":[{"taxonomy":"category","embeddable":true,"href":"https:\/\/www.fsv-stadeln.de\/index.php?rest_route=%2Fwp%2Fv2%2Fcategories&post=1398"},{"taxonomy":"post_tag","embeddable":true,"href":"https:\/\/www.fsv-stadeln.de\/index.php?rest_route=%2Fwp%2Fv2%2Ftags&post=1398"}],"curies":[{"name":"wp","href":"https:\/\/api.w.org\/{rel}","templated":true}]}}