{"id":1375,"date":"2016-10-26T08:53:01","date_gmt":"2016-10-26T06:53:01","guid":{"rendered":"http:\/\/www.fsv-stadeln.de\/?p=1375"},"modified":"2016-10-26T08:53:01","modified_gmt":"2016-10-26T06:53:01","slug":"fsv-stadeln-und-mathias-surmann-gehen-ab-sofort-getrennte-wege-thomas-reiser-uebernimmt","status":"publish","type":"post","link":"https:\/\/www.fsv-stadeln.de\/?p=1375","title":{"rendered":"FSV Stadeln und Mathias Surmann gehen ab sofort getrennte Wege &#8211; Thomas Reiser \u00fcbernimmt"},"content":{"rendered":"<p><strong>Der FSV Stadeln und Trainer Mathias Surmann haben sich am Sonntagabend darauf geeinigt den auslaufenden Vertrag nicht zu verl\u00e4ngern.<\/strong><\/p>\n<p><img loading=\"lazy\" decoding=\"async\" class=\"alignnone size-medium wp-image-1374\" src=\"http:\/\/www.fsv-stadeln.de\/wp-content\/uploads\/2016\/10\/T.Reiser-300x225.jpg\" alt=\"t-reiser\" width=\"300\" height=\"225\" \/><\/p>\n<p>Im Anschluss an das Bezirksliga-Heimspiel gegen die SpVgg H\u00fcttenbach-Simmelsdorf trafen sich der 1. Vorstand des FSV Stadeln, Hermann Lang, Fussball-Vorstand Armin Azadan und Trainer Surmann zu einem Gespr\u00e4ch.<br \/>\nAufgrund der sportlich nicht zufriedenstellenden Entwicklung, insbesondere der mangelnden Weiterentwicklung des Stadelner Spielsystems, beschloss man ab sofort getrennte Wege zu gehen.<\/p>\n<p>Die Verantwortlichen des FSV danken ihrem Ex-Trainer f\u00fcr sein Engagement und sein fachliches, sachliches und freundliches Auftreten zu jeder Zeit.<\/p>\n<p>\u201eWir w\u00fcnschen Mathias alles erdenklich Gute f\u00fcr seine weitere Zukunft und w\u00fcnschen uns, dass er dem Fu\u00dfball in der Region erhalten bleibt.\u201c sagte FSV-Vorstand Hermann Lang.<\/p>\n<p>Der 41-j\u00e4hrige ehemalige Fu\u00dfball-Profi und A-Lizenzinhaber Mathias Surmann hatte Ende Dezember letzten Jahres das Traineramt beim FSV \u00fcbernommen und konnte den Abstieg aus der Landesliga mit den Rot-Wei\u00dfen nicht verhindern.<\/p>\n<p>Ein \u201ealter Bekannter\u201c steht indes schon bereit und wird dem FSV sofort zur Verf\u00fcgung stehen.<\/p>\n<p>Der ehemals langj\u00e4hrige Cheftrainer Thomas \u201eTek\u201c Reiser, leitete gestern bereits das Training der 1.Mannschaft. Thomas Reiser, der von 2001 bis 2012 den Trainerposten beim FSV verantwortete, kennt den gesamten Verein und seine Spieler bestens.<\/p>\n<p>Vor seinem damaligen Engagement als Trainer der \u201eErsten\u201c war Reiser lange Jahre Jugendtrainer beim FSV und anschlie\u00dfend Vereinsjugendleiter.<\/p>\n<p>Unter der Regie von Thomas Reiser stieg die 1.Mannschaft des FSV zwischen 2001 und 2012 dreimal von der Kreisklasse bis in die Bezirksoberliga auf.<\/p>\n<p>Vorerst bis zum Ende dieser Saison wird der \u201eUr-Stadelner\u201c das Traineramt \u00fcbernehmen.<\/p>\n<p>Wichtig f\u00fcr den FSV ist es, dass die Mannschaft wieder zu alter St\u00e4rke zur\u00fcckfindet, der Trainer erfrischenden Fu\u00dfball spielen l\u00e4sst und Freude bei der Sache vermittelt.<\/p>\n","protected":false},"excerpt":{"rendered":"<p>Der FSV Stadeln und Trainer Mathias Surmann haben sich am Sonntagabend darauf geeinigt den auslaufenden Vertrag nicht zu verl\u00e4ngern. Im Anschluss an das Bezirksliga-Heimspiel gegen die SpVgg H\u00fcttenbach-Simmelsdorf trafen sich der 1. Vorstand des FSV Stadeln, Hermann Lang, Fussball-Vorstand Armin Azadan und Trainer Surmann zu einem Gespr\u00e4ch. Aufgrund der sportlich nicht zufriedenstellenden Entwicklung, insbesondere der mangelnden Weiterentwicklung des Stadelner Spielsystems, [&hellip;]<\/p>\n","protected":false},"author":2,"featured_media":0,"comment_status":"closed","ping_status":"open","sticky":false,"template":"","format":"standard","meta":{"_monsterinsights_skip_tracking":false,"_monsterinsights_sitenote_active":false,"_monsterinsights_sitenote_note":"","_monsterinsights_sitenote_category":0,"footnotes":""},"categories":[5],"tags":[],"class_list":["post-1375","post","type-post","status-publish","format-standard","hentry","category-fussball"],"aioseo_notices":[],"_links":{"self":[{"href":"https:\/\/www.fsv-stadeln.de\/index.php?rest_route=\/wp\/v2\/posts\/1375","targetHints":{"allow":["GET"]}}],"collection":[{"href":"https:\/\/www.fsv-stadeln.de\/index.php?rest_route=\/wp\/v2\/posts"}],"about":[{"href":"https:\/\/www.fsv-stadeln.de\/index.php?rest_route=\/wp\/v2\/types\/post"}],"author":[{"embeddable":true,"href":"https:\/\/www.fsv-stadeln.de\/index.php?rest_route=\/wp\/v2\/users\/2"}],"replies":[{"embeddable":true,"href":"https:\/\/www.fsv-stadeln.de\/index.php?rest_route=%2Fwp%2Fv2%2Fcomments&post=1375"}],"version-history":[{"count":1,"href":"https:\/\/www.fsv-stadeln.de\/index.php?rest_route=\/wp\/v2\/posts\/1375\/revisions"}],"predecessor-version":[{"id":1376,"href":"https:\/\/www.fsv-stadeln.de\/index.php?rest_route=\/wp\/v2\/posts\/1375\/revisions\/1376"}],"wp:attachment":[{"href":"https:\/\/www.fsv-stadeln.de\/index.php?rest_route=%2Fwp%2Fv2%2Fmedia&parent=1375"}],"wp:term":[{"taxonomy":"category","embeddable":true,"href":"https:\/\/www.fsv-stadeln.de\/index.php?rest_route=%2Fwp%2Fv2%2Fcategories&post=1375"},{"taxonomy":"post_tag","embeddable":true,"href":"https:\/\/www.fsv-stadeln.de\/index.php?rest_route=%2Fwp%2Fv2%2Ftags&post=1375"}],"curies":[{"name":"wp","href":"https:\/\/api.w.org\/{rel}","templated":true}]}}