{"id":1351,"date":"2016-10-17T19:54:05","date_gmt":"2016-10-17T17:54:05","guid":{"rendered":"http:\/\/www.fsv-stadeln.de\/?p=1351"},"modified":"2016-10-17T19:54:05","modified_gmt":"2016-10-17T17:54:05","slug":"pleite-gegen-den-asv-fuerth","status":"publish","type":"post","link":"https:\/\/www.fsv-stadeln.de\/?p=1351","title":{"rendered":"Pleite gegen den ASV F\u00fcrth"},"content":{"rendered":"<h4><a href=\"http:\/\/www.fussballn.de\/index.php\/ergebnisse-bezirksliga-nord\/matchreport\/167-2016-2017-bezirksliga-nord\/52188-asv-fuerth_fsv-stadeln\" target=\"_blank\">ASV F\u00fcrth &#8211; FSV Stadeln 4:1 (2:1)<\/a><\/h4>\n<p><strong>(Bericht: Fussballn.de) Im F\u00fcrther Derby fanden die G\u00e4ste zun\u00e4chst besser in die Partie, w\u00e4hrend der ASV F\u00fcrth zu Beginn keinen Zugriff fand und sich scheinbar erst einmal akklimatisieren musste.<\/strong><\/p>\n<p>Dies gelang der Heimelf dann auch nach etwa zwanzig Minuten. In der Folge hatte der ASV die Partie besser im Griff und erzielte nach circa einer halben Stunde Spielzeit die gl\u00fcckliche, wenngleich aber nicht ganz unverdiente F\u00fchrung. Roman Merschs Schuss wurde dabei ungl\u00fccklich von einem Stadelner Abwehrbein ins G\u00e4stegeh\u00e4use abgelenkt. Bereits zwei Zeigerumdrehungen sp\u00e4ter kam der FSV durch Sven Riese aber zum Ausgleich, als dieser nach einer Freisto\u00dfflanke am h\u00f6chsten stieg und das Spielger\u00e4t \u00fcber die Linie bugsierte. Kurz vor der Halbzeit dann die erneute F\u00fchrung f\u00fcr die Hausherren. Vorausgegangen war auch hierbei ein Freisto\u00df, den Florian Knauer per Kopf vollendete.<br \/>\nDie zweiten 45 Minuten lie\u00dfen lange auf H\u00f6hepunkte warten. Meist spielte sich das Geschehen zwischen den beiden Strafr\u00e4umen ab. Stadeln versuchte zwar alles, um doch noch etwas Z\u00e4hlbares von der Magazinstra\u00dfe mitnehmen zu k\u00f6nnen, wurde f\u00fcr das immer gr\u00f6\u00dfere Risiko, das sie gingen, allerdings in den letzten Minuten der Partie bitter bestraft. Die sich ergebenden R\u00e4ume nutzte der ASV F\u00fcrth bei schnellen Gegenst\u00f6\u00dfen f\u00fcr sich und konnte durch zwei, von Taregh Kaab und Edmond Smakaj abgeschlossene Konter das Ergebnis noch auf 4:1 in die H\u00f6he schrauben.<\/p>\n","protected":false},"excerpt":{"rendered":"<p>ASV F\u00fcrth &#8211; FSV Stadeln 4:1 (2:1) (Bericht: Fussballn.de) Im F\u00fcrther Derby fanden die G\u00e4ste zun\u00e4chst besser in die Partie, w\u00e4hrend der ASV F\u00fcrth zu Beginn keinen Zugriff fand und sich scheinbar erst einmal akklimatisieren musste. Dies gelang der Heimelf dann auch nach etwa zwanzig Minuten. In der Folge hatte der ASV die Partie besser im Griff und erzielte nach [&hellip;]<\/p>\n","protected":false},"author":2,"featured_media":0,"comment_status":"closed","ping_status":"open","sticky":false,"template":"","format":"standard","meta":{"_monsterinsights_skip_tracking":false,"_monsterinsights_sitenote_active":false,"_monsterinsights_sitenote_note":"","_monsterinsights_sitenote_category":0,"footnotes":""},"categories":[5],"tags":[],"class_list":["post-1351","post","type-post","status-publish","format-standard","hentry","category-fussball"],"aioseo_notices":[],"_links":{"self":[{"href":"https:\/\/www.fsv-stadeln.de\/index.php?rest_route=\/wp\/v2\/posts\/1351","targetHints":{"allow":["GET"]}}],"collection":[{"href":"https:\/\/www.fsv-stadeln.de\/index.php?rest_route=\/wp\/v2\/posts"}],"about":[{"href":"https:\/\/www.fsv-stadeln.de\/index.php?rest_route=\/wp\/v2\/types\/post"}],"author":[{"embeddable":true,"href":"https:\/\/www.fsv-stadeln.de\/index.php?rest_route=\/wp\/v2\/users\/2"}],"replies":[{"embeddable":true,"href":"https:\/\/www.fsv-stadeln.de\/index.php?rest_route=%2Fwp%2Fv2%2Fcomments&post=1351"}],"version-history":[{"count":1,"href":"https:\/\/www.fsv-stadeln.de\/index.php?rest_route=\/wp\/v2\/posts\/1351\/revisions"}],"predecessor-version":[{"id":1352,"href":"https:\/\/www.fsv-stadeln.de\/index.php?rest_route=\/wp\/v2\/posts\/1351\/revisions\/1352"}],"wp:attachment":[{"href":"https:\/\/www.fsv-stadeln.de\/index.php?rest_route=%2Fwp%2Fv2%2Fmedia&parent=1351"}],"wp:term":[{"taxonomy":"category","embeddable":true,"href":"https:\/\/www.fsv-stadeln.de\/index.php?rest_route=%2Fwp%2Fv2%2Fcategories&post=1351"},{"taxonomy":"post_tag","embeddable":true,"href":"https:\/\/www.fsv-stadeln.de\/index.php?rest_route=%2Fwp%2Fv2%2Ftags&post=1351"}],"curies":[{"name":"wp","href":"https:\/\/api.w.org\/{rel}","templated":true}]}}