{"id":1289,"date":"2016-09-19T14:57:48","date_gmt":"2016-09-19T12:57:48","guid":{"rendered":"http:\/\/www.fsv-stadeln.de\/?p=1289"},"modified":"2016-09-22T08:06:36","modified_gmt":"2016-09-22T06:06:36","slug":"3-punkte-in-diebersdorf","status":"publish","type":"post","link":"https:\/\/www.fsv-stadeln.de\/?p=1289","title":{"rendered":"3 Punkte in Diepersdorf"},"content":{"rendered":"<h4>SpVgg Diepersdorf &#8211; FSV Stadeln 0:3<strong><br \/>\n<\/strong><\/h4>\n<p><strong>(Bericht: FuPa.net) Auf dem \u00e4u\u00dferst engen Diepersdorfer B-Platz lieferte der FSV einen sehr guten Ausw\u00e4rtsauftritt ab. <\/strong><\/p>\n<p>Konzentriert und dominant gingen die G\u00e4ste aus F\u00fcrth zu Werke und lie\u00dfen kaum zwingende Offensivaktionen der SpVgg zu. Auf Stadelner Seite vergaben Sebastian Spahn und Markus Bauer die beiden besten Gelegenheiten vor der Pause.<\/p>\n<p>Unmittelbar nach Wiederbeginn bot sich der Heimelf urpl\u00f6tzlich die gro\u00dfe Chance auf den F\u00fchrungstreffer. In letzter Sekunde bef\u00f6rderte FSV-Verteidiger Tobias Lennert das Leder noch aus der Gefahrenzone.<br \/>\nIm weiteren Verlauf schirmte die Stadelner Verteidigung ihr Geh\u00e4use wieder durchg\u00e4ngig ab und auch nach vorn erh\u00f6hte die Mannschaft von Trainer Mathias Surmann nun die Schlagzahl.<br \/>\nNach 63 Minuten trugen die Bem\u00fchungen erstmals Fr\u00fcchte. Nach einer Hereingabe von Sven Riese k\u00f6pfte Gerhard Strobel zur Stadelner F\u00fchrung ein. Zehn Minuten vor Schluss leitete Sven Reischl die Entscheidung ein. Stadelns Einwechselspieler setzte sich energisch durch und setzte Strobel in Szene, der zun\u00e4chst einen Verteidiger und den Torh\u00fcter aussteigen lie\u00df, ehe er den Ball ins verwaiste Tor schob.<br \/>\nIn der Nachspielzeit machte Strobel seinen lupenreinen Hattrick mit einem strammen Schuss von der Strafraumecke komplett.<\/p>\n<p>Schiedsrichter: Florian Hilpert &#8211; Zuschauer: 100<br \/>\nTore: 0:1 Gerhard Strobel (62.), 0:2 Gerhard Strobel (80.), 0:3 Gerhard Strobel (90.)<\/p>\n","protected":false},"excerpt":{"rendered":"<p>SpVgg Diepersdorf &#8211; FSV Stadeln 0:3 (Bericht: FuPa.net) Auf dem \u00e4u\u00dferst engen Diepersdorfer B-Platz lieferte der FSV einen sehr guten Ausw\u00e4rtsauftritt ab. Konzentriert und dominant gingen die G\u00e4ste aus F\u00fcrth zu Werke und lie\u00dfen kaum zwingende Offensivaktionen der SpVgg zu. Auf Stadelner Seite vergaben Sebastian Spahn und Markus Bauer die beiden besten Gelegenheiten vor der Pause. Unmittelbar nach Wiederbeginn bot [&hellip;]<\/p>\n","protected":false},"author":2,"featured_media":0,"comment_status":"closed","ping_status":"open","sticky":false,"template":"","format":"standard","meta":{"_monsterinsights_skip_tracking":false,"_monsterinsights_sitenote_active":false,"_monsterinsights_sitenote_note":"","_monsterinsights_sitenote_category":0,"footnotes":""},"categories":[5],"tags":[],"class_list":["post-1289","post","type-post","status-publish","format-standard","hentry","category-fussball"],"aioseo_notices":[],"_links":{"self":[{"href":"https:\/\/www.fsv-stadeln.de\/index.php?rest_route=\/wp\/v2\/posts\/1289","targetHints":{"allow":["GET"]}}],"collection":[{"href":"https:\/\/www.fsv-stadeln.de\/index.php?rest_route=\/wp\/v2\/posts"}],"about":[{"href":"https:\/\/www.fsv-stadeln.de\/index.php?rest_route=\/wp\/v2\/types\/post"}],"author":[{"embeddable":true,"href":"https:\/\/www.fsv-stadeln.de\/index.php?rest_route=\/wp\/v2\/users\/2"}],"replies":[{"embeddable":true,"href":"https:\/\/www.fsv-stadeln.de\/index.php?rest_route=%2Fwp%2Fv2%2Fcomments&post=1289"}],"version-history":[{"count":2,"href":"https:\/\/www.fsv-stadeln.de\/index.php?rest_route=\/wp\/v2\/posts\/1289\/revisions"}],"predecessor-version":[{"id":1297,"href":"https:\/\/www.fsv-stadeln.de\/index.php?rest_route=\/wp\/v2\/posts\/1289\/revisions\/1297"}],"wp:attachment":[{"href":"https:\/\/www.fsv-stadeln.de\/index.php?rest_route=%2Fwp%2Fv2%2Fmedia&parent=1289"}],"wp:term":[{"taxonomy":"category","embeddable":true,"href":"https:\/\/www.fsv-stadeln.de\/index.php?rest_route=%2Fwp%2Fv2%2Fcategories&post=1289"},{"taxonomy":"post_tag","embeddable":true,"href":"https:\/\/www.fsv-stadeln.de\/index.php?rest_route=%2Fwp%2Fv2%2Ftags&post=1289"}],"curies":[{"name":"wp","href":"https:\/\/api.w.org\/{rel}","templated":true}]}}