{"id":1222,"date":"2016-08-12T17:05:59","date_gmt":"2016-08-12T15:05:59","guid":{"rendered":"http:\/\/www.fsv-stadeln.de\/?p=1222"},"modified":"2016-08-12T17:05:59","modified_gmt":"2016-08-12T15:05:59","slug":"heimspiel-gegen-tsv-burgfarrnbach","status":"publish","type":"post","link":"https:\/\/www.fsv-stadeln.de\/?p=1222","title":{"rendered":"Heimspiel gegen TSV Burgfarrnbach"},"content":{"rendered":"<h4>FSV Stadeln : TSV Burgfarrnbach<\/h4>\n<p><strong>Sonntag, 14. August 2016, 15:00 Uhr, Stadeln, Waldsportanlage<\/strong><\/p>\n<p>Gut ist der FSV in die Runde hineingekommen, die beiden letzten Begegnungen waren jedoch nicht erfolgreich.<br \/>\nAm Sonntag im Heimspiel gegen Burgfarrnbach sind die schmerzlich vermissten Urlauber Gerhard Strobel und Tobi W\u00f6lfel wieder im Team, mit dem erfolgreichen Torj\u00e4ger sollte ein Erfolg gegen den TSV m\u00f6glich sein.<\/p>\n<p><strong>FSV Fans, auf nach Stadeln, die Mannschaft unterst\u00fctzen!<\/strong><\/p>\n","protected":false},"excerpt":{"rendered":"<p>FSV Stadeln : TSV Burgfarrnbach Sonntag, 14. August 2016, 15:00 Uhr, Stadeln, Waldsportanlage Gut ist der FSV in die Runde hineingekommen, die beiden letzten Begegnungen waren jedoch nicht erfolgreich. Am Sonntag im Heimspiel gegen Burgfarrnbach sind die schmerzlich vermissten Urlauber Gerhard Strobel und Tobi W\u00f6lfel wieder im Team, mit dem erfolgreichen Torj\u00e4ger sollte ein Erfolg gegen den TSV m\u00f6glich sein. [&hellip;]<\/p>\n","protected":false},"author":2,"featured_media":1221,"comment_status":"closed","ping_status":"open","sticky":false,"template":"","format":"standard","meta":{"_monsterinsights_skip_tracking":false,"_monsterinsights_sitenote_active":false,"_monsterinsights_sitenote_note":"","_monsterinsights_sitenote_category":0,"footnotes":""},"categories":[5],"tags":[],"class_list":["post-1222","post","type-post","status-publish","format-standard","has-post-thumbnail","hentry","category-fussball"],"aioseo_notices":[],"_links":{"self":[{"href":"https:\/\/www.fsv-stadeln.de\/index.php?rest_route=\/wp\/v2\/posts\/1222","targetHints":{"allow":["GET"]}}],"collection":[{"href":"https:\/\/www.fsv-stadeln.de\/index.php?rest_route=\/wp\/v2\/posts"}],"about":[{"href":"https:\/\/www.fsv-stadeln.de\/index.php?rest_route=\/wp\/v2\/types\/post"}],"author":[{"embeddable":true,"href":"https:\/\/www.fsv-stadeln.de\/index.php?rest_route=\/wp\/v2\/users\/2"}],"replies":[{"embeddable":true,"href":"https:\/\/www.fsv-stadeln.de\/index.php?rest_route=%2Fwp%2Fv2%2Fcomments&post=1222"}],"version-history":[{"count":1,"href":"https:\/\/www.fsv-stadeln.de\/index.php?rest_route=\/wp\/v2\/posts\/1222\/revisions"}],"predecessor-version":[{"id":1223,"href":"https:\/\/www.fsv-stadeln.de\/index.php?rest_route=\/wp\/v2\/posts\/1222\/revisions\/1223"}],"wp:featuredmedia":[{"embeddable":true,"href":"https:\/\/www.fsv-stadeln.de\/index.php?rest_route=\/wp\/v2\/media\/1221"}],"wp:attachment":[{"href":"https:\/\/www.fsv-stadeln.de\/index.php?rest_route=%2Fwp%2Fv2%2Fmedia&parent=1222"}],"wp:term":[{"taxonomy":"category","embeddable":true,"href":"https:\/\/www.fsv-stadeln.de\/index.php?rest_route=%2Fwp%2Fv2%2Fcategories&post=1222"},{"taxonomy":"post_tag","embeddable":true,"href":"https:\/\/www.fsv-stadeln.de\/index.php?rest_route=%2Fwp%2Fv2%2Ftags&post=1222"}],"curies":[{"name":"wp","href":"https:\/\/api.w.org\/{rel}","templated":true}]}}