{"id":1124,"date":"2016-07-24T12:24:51","date_gmt":"2016-07-24T10:24:51","guid":{"rendered":"http:\/\/www.fsv-stadeln.de\/?p=1124"},"modified":"2016-07-24T12:27:09","modified_gmt":"2016-07-24T10:27:09","slug":"nur-ein-punkt-gegen-ottensoos","status":"publish","type":"post","link":"https:\/\/www.fsv-stadeln.de\/?p=1124","title":{"rendered":"Nur ein Punkt gegen Ottensoos"},"content":{"rendered":"<div class=\"itemIntroText\">\n<h4>FSV Stadeln &#8211; FC Ottensoos 1:1 (0:0)<\/h4>\n<p><strong>(Bericht: Fussballn.de) Der FSV Stadeln musste im dritten Saisonspiel mit dem 1:1-Remis gegen Liga-Neuling FC Ottensoos die ersten Federn lassen. <\/strong><\/p>\n<p>In einer umk\u00e4mpften Partie h\u00e4tten beide Kontrahenten vor der Pause in F\u00fchrung gehen k\u00f6nnen, was allerdings nach dem Seitenwechsel dem FCO in Person von Lukas Heinlein (67.) gelang. Mit der h\u00f6chst unn\u00f6tigen Ampelkarte gegen Stadelns Sven Reischl (72.)\u00a0schien ein Punktgewinn der Gastgeber\u00a0in weite Ferne ger\u00fcckt, doch Markus Bauer sorgte keine 60 Sekunden sp\u00e4ter f\u00fcr den Ausgleichstreffer zum 1:1-Endstand.<strong><br \/>\n<\/strong><\/p>\n<\/div>\n<div class=\"itemFullText\">\n<p>Nachdem vor dem Ansto\u00df in Gedenken an die Amok-Opfer von M\u00fcnchen 60 Sekunden Schweigen angesagt war, rollte mit dem Pfiff von Referee St\u00fchler auch der Ball am Kronacher Wald. Das erste Ausrufezeichen setzte der von Bauer bediente Tim Reischl, der aus ung\u00fcnstigem Winkel hoch \u00fcber das kurze Eck schoss. In der Folge sorgten 25 Minuten f\u00fcr viel Kampf, aber auch wenige Highlights in Stadeln, ehe Kreu\u00dfel f\u00fcr die G\u00e4ste aus Ottensoos verzog (27.). In der 32. Minute schickte Heinlein Strau\u00dfner steil, der Erk umkurvte und abschloss. Doch FSV-Kapit\u00e4n W\u00f6lfel kl\u00e4rte auf der Torlinie.<\/p>\n<p><img decoding=\"async\" title=\"FSV Stadeln - FC Ottensoos\" src=\"http:\/\/www.fussballn.de\/images\/stories\/saison16-17\/BZL-Nord\/03-stadeln-ottensoos\/fsv-sandwich.jpg\" alt=\"FSV Stadeln - FC Ottensoos\" border=\"0\" \/><\/p>\n<p><strong><span class=\"bildbeschreibung\">FCO-Kapit\u00e4n Peter Strau\u00dfner (in blau) hatte die beste Chance der Anfangsphase auf dem Fu\u00df.<\/span><\/strong><br \/>\n<strong> <span class=\"bildquelle\">Foto: fussballn.de<\/span><\/strong><\/p>\n<p>Im Gegenzug legte Bauer &#8211; er h\u00e4tte wohl besser\u00a0selbst schie\u00dfen sollen &#8211;\u00a0quer auf Strobel, der letztlich an FC-Keeper Lingansch scheiterte. Sieben Minuten vor der Pause war Abudo auf und davon, umkurvte ebenfalls den\u00a0G\u00e4ste-Keeper und traute dann seinen Augen nicht, als sich FCO-Verteidiger Sebastian Schmidt erfolgreich\u00a0noch mit letztem Willen in den Schuss auf das verwaiste Tor warf. F\u00fcr Stadeln zielte Ferstl bis zur Pause noch \u00fcber den Ottensooser Kasten.<\/p>\n<p><img decoding=\"async\" title=\"FSV Stadeln - FC Ottensoos\" src=\"http:\/\/www.fussballn.de\/images\/stories\/saison16-17\/BZL-Nord\/03-stadeln-ottensoos\/grosschance-abudo.jpg\" alt=\"FSV Stadeln - FC Ottensoos\" border=\"0\" \/><\/p>\n<p><strong><span class=\"bildbeschreibung\">Thilo Abudo (in rot) hatte Ottensoos-Keeper Lingansch bereits umkurvt, brachte den Ball aber dennoch nicht im Tor unter.<\/span><\/strong><br \/>\n<strong> <span class=\"bildquelle\">Foto: fussballn.de<\/span><\/strong><\/p>\n<p>Kurz nach Wiederanpfiff bediente der eingewechselte Kraus Mitspieler Riese, dessen Schuss aus geahndeter Abseitsstellung durch Lingansch entsch\u00e4rft wurde. Auf der Gegenseite tauchte Strau\u00dfner pl\u00f6tzlich blank vor Erk auf und schlenzte das Leder\u00a0an den Querbalken &#8211; Gl\u00fcck f\u00fcr die Hausherren! Auch als Erk wenig sp\u00e4ter im kurze Eck gegen Heinlein\u00a0die F\u00e4uste hochrei\u00dfen musste, strapazierte die Surmann-Elf die Nerven des eigenen Anhangs.<\/p>\n<p><img decoding=\"async\" title=\"FSV Stadeln - FC Ottensoos\" src=\"http:\/\/www.fussballn.de\/images\/stories\/saison16-17\/BZL-Nord\/03-stadeln-ottensoos\/s_schmidt-klaert.jpg\" alt=\"FSV Stadeln - FC Ottensoos\" border=\"0\" \/><\/p>\n<p><strong><span class=\"bildbeschreibung\">Sebastian Schmidt (verdeckt, in blau)\u00a0bereinigte\u00a0im Duell mit Kevin Kraus die h\u00f6chst brenzlige Szene vor der Linie.<\/span><\/strong><br \/>\n<strong> <span class=\"bildquelle\">Foto: fussballn.de<\/span><\/strong><\/p>\n<p>Mitte der zweiten Halbzeit wurde es dann richtig kurios: Zun\u00e4chst scheiterte auch Sven Reischl am Pfosten, ehe im Gegenzug der eingewechselte\u00a0Schuhmann\u00a0bereits an\u00a0Erk vorbei war, sich aber den Ball zu weit vorlegte (64.). Keine Minute war vergangen, da wurde Joker Kraus von Bauer\u00a0in Szene gesetzt, spitzelte das Runde an Lingansch vorbei auf das Tor, wo Sebastian Schmidt im Laufduell mit Kraus noch vor der Linie gr\u00e4tschend kl\u00e4ren konnte.<\/p>\n<p><img decoding=\"async\" title=\"FSV Stadeln - FC Ottensoos\" src=\"http:\/\/www.fussballn.de\/images\/stories\/saison16-17\/BZL-Nord\/03-stadeln-ottensoos\/jubel-heinlein.jpg\" alt=\"FSV Stadeln - FC Ottensoos\" border=\"0\" \/><\/p>\n<p><strong><span class=\"bildbeschreibung\">Lukas Heinlein (Nummer 9) durfte den ersten Treffer des Nachmittags bejubeln.<\/span><\/strong><br \/>\n<strong> <span class=\"bildquelle\">Foto: fussballn.de<\/span><\/strong><\/p>\n<p>Es ging nun hin und her und so\u00a0erlief Kreu\u00dfel einen langen Ball aus der FCO-Defensive und zielte &#8211; noch entscheidend gest\u00f6rt von Stadelns Spielf\u00fchrer W\u00f6lfel &#8211; \u00fcber das Heimtor. Ein weiterer Steilpass\u00a0zu\u00a0Heinlein leitete dann die G\u00e4ste-F\u00fchrung ein: Der\u00a0Offensivspieler blieb vor Erk eiskalt und verwandelte ins lange Eck zum umjubelten 1:0 aus\u00a0Sicht der Zanft-Truppe.<\/p>\n<p><img decoding=\"async\" title=\"FSV Stadeln - FC Ottensoos\" src=\"http:\/\/www.fussballn.de\/images\/stories\/saison16-17\/BZL-Nord\/03-stadeln-ottensoos\/platzverweis-s_reischl.jpg\" alt=\"FSV Stadeln - FC Ottensoos\" border=\"0\" \/><\/p>\n<p><strong><span class=\"bildbeschreibung\">Da langten sich sogar die G\u00e4ste an den Kopf! Sven Reischl (linker Bildrand) handelte sich eine mehr als unn\u00f6tige Ampelkarte ein.<\/span><\/strong><br \/>\n<strong> <span class=\"bildquelle\">Foto: fussballn.de<\/span><\/strong><\/p>\n<p>Als ob der R\u00fcckstand nicht schon Laster genug gewesen w\u00e4re, holte sich Sven Reischl &#8211; bereits wegen Ball Wegschlagens verwarnt &#8211; nach Reklamieren die Ampelkarte ab und erwies seiner Mannschaft (scheinbar) einen B\u00e4rendienst. Allerdings langten die Surmann-Sch\u00fctzlinge zusammen und zeigten umgehend eine Trotzreaktion: W\u00f6lfel schlug einen weiten Ball in den Lauf von Bauer, der aus etwa\u00a0acht Metern Entfernung trocken ins lange Eck zum Ausgleich einnetzte &#8211; 1:1.<\/p>\n<p><img decoding=\"async\" title=\"FSV Stadeln - FC Ottensoos\" src=\"http:\/\/www.fussballn.de\/images\/stories\/saison16-17\/BZL-Nord\/03-stadeln-ottensoos\/bauer-woelfel.jpg\" alt=\"FSV Stadeln - FC Ottensoos\" border=\"0\" \/><\/p>\n<p><strong><span class=\"bildbeschreibung\">Torsch\u00fctze Markus Bauer bedankte sich bei Kapit\u00e4n\u00a0Tobias W\u00f6lfel f\u00fcr die Vorlage zum Ausgleich.<\/span><\/strong><br \/>\n<strong> <span class=\"bildquelle\">Foto: fussballn.de<\/span><\/strong><\/p>\n<p>Befl\u00fcgelt durch den Ausgleichstreffer hauten die Jungs vom Kronacher Wald alles heraus und h\u00e4tten bis zum Schluss gar noch den\u00a0nicht unverdienten Siegtreffer landen k\u00f6nnen. Erk rettete zun\u00e4chst noch gegen Sch\u00e4fer im Nachfassen, bevor ein Bauer-Freisto\u00df durch Lingansch entsch\u00e4rft wurde und auch der \u00fcberraschte\u00a0Spahn sowie W\u00f6lfel per Kopf das 2:1 verpassten. So blieb es bei der Punkteteilung, die von\u00a0den G\u00e4sten &#8211;\u00a0die bekanntlich in \u00dcberzahl agierten &#8211;\u00a0lautstark bejubelt wurde.<\/p>\n<p><img decoding=\"async\" title=\"FSV Stadeln - FC Ottensoos\" src=\"http:\/\/www.fussballn.de\/images\/stories\/saison16-17\/BZL-Nord\/03-stadeln-ottensoos\/spahn-ueberrascht.jpg\" alt=\"FSV Stadeln - FC Ottensoos\" border=\"0\" \/><\/p>\n<p><strong><span class=\"bildbeschreibung\">Gar der Siegtreffer lag f\u00fcr den FSV Stadeln (hier Sebastian Spahn, rechts) in der Schlussphase\u00a0in der Luft.<\/span><\/strong><br \/>\n<strong> <span class=\"bildquelle\">Foto: fussballn.de<\/span><\/strong><\/p>\n<p><strong>Stadeln:<\/strong> Erk, W\u00f6lfel, Gra\u00dfler (51. Kraus), Abudo (55. S. Reischl), Poetsch (72. Weber), T. Reischl, Spahn, Strobel, Ferstl, Riese, Bauer<\/p>\n<p><strong>Ottensoos:<\/strong> Lingansch, S. Schmidt, Schorn, Sch\u00e4fer, Walter (65. Schuhmann), M. Schmidt, Strau\u00dfner, Umbeer (46. Ak), Heinlein (90.+2 G\u00f6ring), Kreu\u00dfel, Ertel<\/p>\n<p><strong>Tore:<\/strong> 0:1 Heinlein (67.), 1:1 Bauer (73.)<\/p>\n<p><strong>SR:<\/strong> Christoph St\u00fchler (Heroldsbach) \/ <strong>Zuschauer:<\/strong> 250<\/p>\n<p><strong>Gelb-Rote Karte:<\/strong> Sven Reischl (Stadeln) wegen Unsportlichkeit und Reklamierens (72.).<\/p>\n<\/div>\n","protected":false},"excerpt":{"rendered":"<p>FSV Stadeln &#8211; FC Ottensoos 1:1 (0:0) (Bericht: Fussballn.de) Der FSV Stadeln musste im dritten Saisonspiel mit dem 1:1-Remis gegen Liga-Neuling FC Ottensoos die ersten Federn lassen. In einer umk\u00e4mpften Partie h\u00e4tten beide Kontrahenten vor der Pause in F\u00fchrung gehen k\u00f6nnen, was allerdings nach dem Seitenwechsel dem FCO in Person von Lukas Heinlein (67.) gelang. Mit der h\u00f6chst unn\u00f6tigen Ampelkarte [&hellip;]<\/p>\n","protected":false},"author":2,"featured_media":0,"comment_status":"closed","ping_status":"open","sticky":false,"template":"","format":"standard","meta":{"_monsterinsights_skip_tracking":false,"_monsterinsights_sitenote_active":false,"_monsterinsights_sitenote_note":"","_monsterinsights_sitenote_category":0,"footnotes":""},"categories":[5],"tags":[],"class_list":["post-1124","post","type-post","status-publish","format-standard","hentry","category-fussball"],"aioseo_notices":[],"_links":{"self":[{"href":"https:\/\/www.fsv-stadeln.de\/index.php?rest_route=\/wp\/v2\/posts\/1124","targetHints":{"allow":["GET"]}}],"collection":[{"href":"https:\/\/www.fsv-stadeln.de\/index.php?rest_route=\/wp\/v2\/posts"}],"about":[{"href":"https:\/\/www.fsv-stadeln.de\/index.php?rest_route=\/wp\/v2\/types\/post"}],"author":[{"embeddable":true,"href":"https:\/\/www.fsv-stadeln.de\/index.php?rest_route=\/wp\/v2\/users\/2"}],"replies":[{"embeddable":true,"href":"https:\/\/www.fsv-stadeln.de\/index.php?rest_route=%2Fwp%2Fv2%2Fcomments&post=1124"}],"version-history":[{"count":3,"href":"https:\/\/www.fsv-stadeln.de\/index.php?rest_route=\/wp\/v2\/posts\/1124\/revisions"}],"predecessor-version":[{"id":1127,"href":"https:\/\/www.fsv-stadeln.de\/index.php?rest_route=\/wp\/v2\/posts\/1124\/revisions\/1127"}],"wp:attachment":[{"href":"https:\/\/www.fsv-stadeln.de\/index.php?rest_route=%2Fwp%2Fv2%2Fmedia&parent=1124"}],"wp:term":[{"taxonomy":"category","embeddable":true,"href":"https:\/\/www.fsv-stadeln.de\/index.php?rest_route=%2Fwp%2Fv2%2Fcategories&post=1124"},{"taxonomy":"post_tag","embeddable":true,"href":"https:\/\/www.fsv-stadeln.de\/index.php?rest_route=%2Fwp%2Fv2%2Ftags&post=1124"}],"curies":[{"name":"wp","href":"https:\/\/api.w.org\/{rel}","templated":true}]}}